{"id":8842,"date":"2025-12-21T16:46:31","date_gmt":"2025-12-21T16:46:31","guid":{"rendered":"https:\/\/www.fundacioncasaserra.org\/fcs\/?p=8842"},"modified":"2025-12-21T16:50:40","modified_gmt":"2025-12-21T16:50:40","slug":"acto-en-la-basilica-de-sant-francesc-en-el-x-aniversario-de-la-canonizacion-de-san-junipero-serra","status":"publish","type":"post","link":"https:\/\/www.fundacioncasaserra.org\/fcs\/acto-en-la-basilica-de-sant-francesc-en-el-x-aniversario-de-la-canonizacion-de-san-junipero-serra\/","title":{"rendered":"Acto en la bas\u00edlica de Sant Francesc en el X aniversario de la canonizaci\u00f3n de San Jun\u00edpero Serra"},"content":{"rendered":"<p><img loading=\"lazy\" decoding=\"async\" class=\"alignnone wp-image-8845\" src=\"https:\/\/www.fundacioncasaserra.org\/fcs\/wp-content\/uploads\/2025\/12\/poster-724x1024.jpg\" alt=\"\" width=\"515\" height=\"728\" srcset=\"https:\/\/www.fundacioncasaserra.org\/fcs\/wp-content\/uploads\/2025\/12\/poster-724x1024.jpg 724w, https:\/\/www.fundacioncasaserra.org\/fcs\/wp-content\/uploads\/2025\/12\/poster-212x300.jpg 212w, https:\/\/www.fundacioncasaserra.org\/fcs\/wp-content\/uploads\/2025\/12\/poster-768x1086.jpg 768w, https:\/\/www.fundacioncasaserra.org\/fcs\/wp-content\/uploads\/2025\/12\/poster-1086x1536.jpg 1086w, https:\/\/www.fundacioncasaserra.org\/fcs\/wp-content\/uploads\/2025\/12\/poster-132x187.jpg 132w, https:\/\/www.fundacioncasaserra.org\/fcs\/wp-content\/uploads\/2025\/12\/poster-600x849.jpg 600w, https:\/\/www.fundacioncasaserra.org\/fcs\/wp-content\/uploads\/2025\/12\/poster.jpg 1131w\" sizes=\"auto, (max-width: 515px) 100vw, 515px\" \/><\/p>\n<p>El Consell de Mallorca conmemor\u00f3 el viernes 28 Noviembre el d\u00e9cimo aniversario de la canonizaci\u00f3n de Fra Jun\u00edper Serra con un acto en la bas\u00edlica de Sant Francesc, en Palma. Como inicio del viaje a California, en el que participa nuestra Presidente Catalina Font.<\/p>\n<p><img loading=\"lazy\" decoding=\"async\" class=\"alignnone wp-image-11011\" src=\"https:\/\/www.rotaryclubdemallorca.org\/wp-content\/uploads\/2025\/11\/primera.jpg\" alt=\"\" width=\"430\" height=\"462\" \/><\/p>\n<p>La conmemoraci\u00f3n se inici\u00f3 con una ofrenda floral en la escultura del santo, continu\u00f3 con una conferencia a cargo del historiador Antoni Picazo y finaliz\u00f3 con un concierto de la Banda Simf\u00f2nica de les Illes Baleares.<\/p>\n<p><img loading=\"lazy\" decoding=\"async\" class=\"alignnone wp-image-11013\" src=\"https:\/\/www.rotaryclubdemallorca.org\/wp-content\/uploads\/2025\/11\/PHOTO-2025-11-28-22-51-02-1024x768.jpg\" alt=\"\" width=\"671\" height=\"503\" \/><\/p>\n<p><img loading=\"lazy\" decoding=\"async\" class=\"alignnone wp-image-11012\" src=\"https:\/\/www.rotaryclubdemallorca.org\/wp-content\/uploads\/2025\/11\/PHOTO-2025-11-28-22-38-14-1024x768.jpg\" alt=\"\" width=\"677\" height=\"508\" \/><\/p>\n<a href=\"https:\/\/www.fundacioncasaserra.org\/fcs\/wp-content\/uploads\/2025\/12\/Diario-Viaje-institucional-California-Consell-de-Mallorca.pdf\" class=\"pdfemb-viewer\" style=\"\" data-width=\"max\" data-height=\"max\" data-toolbar=\"top\" data-toolbar-fixed=\"off\">Diario Viaje institucional California Consell de Mallorca<\/a>\n<p><a href=\"https:\/\/www.ultimahora.es\/noticias\/local\/2025\/11\/28\/2521795\/homenaje-del-consell-juniper-serra-motivo-del-decimo-aniversario-canonizacion.html\">https:\/\/www.ultimahora.es\/noticias\/local\/2025\/11\/28\/2521795\/homenaje-del-consell-juniper-serra-motivo-del-decimo-aniversario-canonizacion.html<\/a><\/p>\n","protected":false},"excerpt":{"rendered":"<p>El Consell de Mallorca conmemor\u00f3 el viernes 28 Noviembre el d\u00e9cimo aniversario de la canonizaci\u00f3n de Fra Jun\u00edper Serra con un acto en la bas\u00edlica de Sant Francesc, en Palma. Como inicio del viaje a California, en el que participa nuestra Presidente Catalina Font. La conmemoraci\u00f3n se inici\u00f3 con una ofrenda floral en la escultura<\/p>\n","protected":false},"author":2,"featured_media":0,"comment_status":"closed","ping_status":"closed","sticky":false,"template":"","format":"standard","meta":{"footnotes":""},"categories":[657],"tags":[],"class_list":["post-8842","post","type-post","status-publish","format-standard","hentry","category-noticias","prodpage-classic"],"_links":{"self":[{"href":"https:\/\/www.fundacioncasaserra.org\/fcs\/wp-json\/wp\/v2\/posts\/8842","targetHints":{"allow":["GET"]}}],"collection":[{"href":"https:\/\/www.fundacioncasaserra.org\/fcs\/wp-json\/wp\/v2\/posts"}],"about":[{"href":"https:\/\/www.fundacioncasaserra.org\/fcs\/wp-json\/wp\/v2\/types\/post"}],"author":[{"embeddable":true,"href":"https:\/\/www.fundacioncasaserra.org\/fcs\/wp-json\/wp\/v2\/users\/2"}],"replies":[{"embeddable":true,"href":"https:\/\/www.fundacioncasaserra.org\/fcs\/wp-json\/wp\/v2\/comments?post=8842"}],"version-history":[{"count":4,"href":"https:\/\/www.fundacioncasaserra.org\/fcs\/wp-json\/wp\/v2\/posts\/8842\/revisions"}],"predecessor-version":[{"id":8848,"href":"https:\/\/www.fundacioncasaserra.org\/fcs\/wp-json\/wp\/v2\/posts\/8842\/revisions\/8848"}],"wp:attachment":[{"href":"https:\/\/www.fundacioncasaserra.org\/fcs\/wp-json\/wp\/v2\/media?parent=8842"}],"wp:term":[{"taxonomy":"category","embeddable":true,"href":"https:\/\/www.fundacioncasaserra.org\/fcs\/wp-json\/wp\/v2\/categories?post=8842"},{"taxonomy":"post_tag","embeddable":true,"href":"https:\/\/www.fundacioncasaserra.org\/fcs\/wp-json\/wp\/v2\/tags?post=8842"}],"curies":[{"name":"wp","href":"https:\/\/api.w.org\/{rel}","templated":true}]}}