{"id":8831,"date":"2025-11-27T17:45:32","date_gmt":"2025-11-27T17:45:32","guid":{"rendered":"https:\/\/www.fundacioncasaserra.org\/fcs\/?p=8831"},"modified":"2025-11-27T17:49:36","modified_gmt":"2025-11-27T17:49:36","slug":"nueva-edicion-de-becarios-americanos-2026","status":"publish","type":"post","link":"https:\/\/www.fundacioncasaserra.org\/fcs\/nueva-edicion-de-becarios-americanos-2026\/","title":{"rendered":"NUEVA EDICI\u00d3N de Becarios Americanos 2026"},"content":{"rendered":"<p><img loading=\"lazy\" decoding=\"async\" class=\"alignnone wp-image-8567\" src=\"https:\/\/www.fundacioncasaserra.org\/fcs\/wp-content\/uploads\/2024\/11\/CasaSerraLogo-reducido.jpg\" alt=\"\" width=\"49\" height=\"49\" srcset=\"https:\/\/www.fundacioncasaserra.org\/fcs\/wp-content\/uploads\/2024\/11\/CasaSerraLogo-reducido.jpg 187w, https:\/\/www.fundacioncasaserra.org\/fcs\/wp-content\/uploads\/2024\/11\/CasaSerraLogo-reducido-150x150.jpg 150w, https:\/\/www.fundacioncasaserra.org\/fcs\/wp-content\/uploads\/2024\/11\/CasaSerraLogo-reducido-100x100.jpg 100w\" sizes=\"auto, (max-width: 49px) 100vw, 49px\" \/><\/p>\n<p>El Rotary Club de Mallorca y la Fundaci\u00f3n Casa Serra presentan la nueva edici\u00f3n de Becarios 2026. Tras diez exitosas ediciones se convoca <strong>BECARIOS 2026<\/strong> con un nuevo formato adaptado para mejorar el conocimiento de la vida y obra de San Jun\u00edpero Serra .<\/p>\n<p>En esta edici\u00f3n el campus se iniciar\u00e1 el 16 de junio martes, hasta el 24 de junio, mi\u00e9rcoles y la <strong>residencia permanente ser\u00e1 en Petra (Mallorca).<\/strong><\/p>\n<p>Cada d\u00eda habr\u00e1 <u>clases por la ma\u00f1ana y la tarde ser\u00e1 libre<\/u> o con actividades culturales y sociales.<\/p>\n<p>Ya pueden descargarse la informaci\u00f3n y formulario de solicitud.<\/p>\n<p><a href=\"https:\/\/www.fundacioncasaserra.org\/fcs\/wp-content\/uploads\/2025\/11\/Becarios-Mexico-Americanos-2026.-Formulario-e-Informacion.pdf\">https:\/\/www.fundacioncasaserra.org\/fcs\/wp-content\/uploads\/2025\/11\/Becarios-Mexico-Americanos-2026.-Formulario-e-Informacion.pdf<\/a><\/p>\n<p><a href=\"https:\/\/www.fundacioncasaserra.org\/fcs\/wp-content\/uploads\/2025\/11\/Becarios-Americanos-2026.-Formulario-e-Informacion.-Bilingue.pdf\">https:\/\/www.fundacioncasaserra.org\/fcs\/wp-content\/uploads\/2025\/11\/Becarios-Americanos-2026.-Formulario-e-Informacion.-Bilingue.pdf<\/a><\/p>\n<p>&nbsp;<\/p>\n","protected":false},"excerpt":{"rendered":"<p>El Rotary Club de Mallorca y la Fundaci\u00f3n Casa Serra presentan la nueva edici\u00f3n de Becarios 2026. Tras diez exitosas ediciones se convoca BECARIOS 2026 con un nuevo formato adaptado para mejorar el conocimiento de la vida y obra de San Jun\u00edpero Serra . En esta edici\u00f3n el campus se iniciar\u00e1 el 16 de junio<\/p>\n","protected":false},"author":2,"featured_media":0,"comment_status":"closed","ping_status":"closed","sticky":false,"template":"","format":"standard","meta":{"footnotes":""},"categories":[657,595],"tags":[],"class_list":["post-8831","post","type-post","status-publish","format-standard","hentry","category-noticias","category-noticias-destacadas","prodpage-classic"],"_links":{"self":[{"href":"https:\/\/www.fundacioncasaserra.org\/fcs\/wp-json\/wp\/v2\/posts\/8831","targetHints":{"allow":["GET"]}}],"collection":[{"href":"https:\/\/www.fundacioncasaserra.org\/fcs\/wp-json\/wp\/v2\/posts"}],"about":[{"href":"https:\/\/www.fundacioncasaserra.org\/fcs\/wp-json\/wp\/v2\/types\/post"}],"author":[{"embeddable":true,"href":"https:\/\/www.fundacioncasaserra.org\/fcs\/wp-json\/wp\/v2\/users\/2"}],"replies":[{"embeddable":true,"href":"https:\/\/www.fundacioncasaserra.org\/fcs\/wp-json\/wp\/v2\/comments?post=8831"}],"version-history":[{"count":5,"href":"https:\/\/www.fundacioncasaserra.org\/fcs\/wp-json\/wp\/v2\/posts\/8831\/revisions"}],"predecessor-version":[{"id":8838,"href":"https:\/\/www.fundacioncasaserra.org\/fcs\/wp-json\/wp\/v2\/posts\/8831\/revisions\/8838"}],"wp:attachment":[{"href":"https:\/\/www.fundacioncasaserra.org\/fcs\/wp-json\/wp\/v2\/media?parent=8831"}],"wp:term":[{"taxonomy":"category","embeddable":true,"href":"https:\/\/www.fundacioncasaserra.org\/fcs\/wp-json\/wp\/v2\/categories?post=8831"},{"taxonomy":"post_tag","embeddable":true,"href":"https:\/\/www.fundacioncasaserra.org\/fcs\/wp-json\/wp\/v2\/tags?post=8831"}],"curies":[{"name":"wp","href":"https:\/\/api.w.org\/{rel}","templated":true}]}}