{"id":8822,"date":"2025-09-29T16:47:28","date_gmt":"2025-09-29T16:47:28","guid":{"rendered":"https:\/\/www.fundacioncasaserra.org\/fcs\/?p=8822"},"modified":"2025-11-27T17:49:45","modified_gmt":"2025-11-27T17:49:45","slug":"visitantes-desde-queretano-29-de-septiembre-2025","status":"publish","type":"post","link":"https:\/\/www.fundacioncasaserra.org\/fcs\/visitantes-desde-queretano-29-de-septiembre-2025\/","title":{"rendered":"Visitantes desde Quer\u00e9tano, 29 de Septiembre 2025"},"content":{"rendered":"<p><img loading=\"lazy\" decoding=\"async\" class=\"alignnone size-large wp-image-8823\" src=\"https:\/\/www.fundacioncasaserra.org\/fcs\/wp-content\/uploads\/2025\/09\/Imagen-de-WhatsApp-2025-09-29-a-las-17.45.55_668c5a5c-1024x576.jpg\" alt=\"\" width=\"1024\" height=\"576\" srcset=\"https:\/\/www.fundacioncasaserra.org\/fcs\/wp-content\/uploads\/2025\/09\/Imagen-de-WhatsApp-2025-09-29-a-las-17.45.55_668c5a5c-1024x576.jpg 1024w, https:\/\/www.fundacioncasaserra.org\/fcs\/wp-content\/uploads\/2025\/09\/Imagen-de-WhatsApp-2025-09-29-a-las-17.45.55_668c5a5c-300x169.jpg 300w, https:\/\/www.fundacioncasaserra.org\/fcs\/wp-content\/uploads\/2025\/09\/Imagen-de-WhatsApp-2025-09-29-a-las-17.45.55_668c5a5c-768x432.jpg 768w, https:\/\/www.fundacioncasaserra.org\/fcs\/wp-content\/uploads\/2025\/09\/Imagen-de-WhatsApp-2025-09-29-a-las-17.45.55_668c5a5c-1536x864.jpg 1536w, https:\/\/www.fundacioncasaserra.org\/fcs\/wp-content\/uploads\/2025\/09\/Imagen-de-WhatsApp-2025-09-29-a-las-17.45.55_668c5a5c-280x158.jpg 280w, https:\/\/www.fundacioncasaserra.org\/fcs\/wp-content\/uploads\/2025\/09\/Imagen-de-WhatsApp-2025-09-29-a-las-17.45.55_668c5a5c-1240x698.jpg 1240w, https:\/\/www.fundacioncasaserra.org\/fcs\/wp-content\/uploads\/2025\/09\/Imagen-de-WhatsApp-2025-09-29-a-las-17.45.55_668c5a5c-600x338.jpg 600w, https:\/\/www.fundacioncasaserra.org\/fcs\/wp-content\/uploads\/2025\/09\/Imagen-de-WhatsApp-2025-09-29-a-las-17.45.55_668c5a5c.jpg 1600w\" sizes=\"auto, (max-width: 1024px) 100vw, 1024px\" \/><\/p>\n<p>D. Jos\u00e9 Niembro , Director del Museo de Arte Sacro, junto a un grupo de peregrinos llegados desde Quer\u00e9tano.<\/p>\n<p>Hoy han visitado la Fundaci\u00f3n Casa Serra, acompa\u00f1ados por la Presidenta Catalina Font.<\/p>\n","protected":false},"excerpt":{"rendered":"<p>D. Jos\u00e9 Niembro , Director del Museo de Arte Sacro, junto a un grupo de peregrinos llegados desde Quer\u00e9tano. Hoy han visitado la Fundaci\u00f3n Casa Serra, acompa\u00f1ados por la Presidenta Catalina Font.<\/p>\n","protected":false},"author":2,"featured_media":0,"comment_status":"closed","ping_status":"closed","sticky":false,"template":"","format":"standard","meta":{"footnotes":""},"categories":[657],"tags":[],"class_list":["post-8822","post","type-post","status-publish","format-standard","hentry","category-noticias","prodpage-classic"],"_links":{"self":[{"href":"https:\/\/www.fundacioncasaserra.org\/fcs\/wp-json\/wp\/v2\/posts\/8822","targetHints":{"allow":["GET"]}}],"collection":[{"href":"https:\/\/www.fundacioncasaserra.org\/fcs\/wp-json\/wp\/v2\/posts"}],"about":[{"href":"https:\/\/www.fundacioncasaserra.org\/fcs\/wp-json\/wp\/v2\/types\/post"}],"author":[{"embeddable":true,"href":"https:\/\/www.fundacioncasaserra.org\/fcs\/wp-json\/wp\/v2\/users\/2"}],"replies":[{"embeddable":true,"href":"https:\/\/www.fundacioncasaserra.org\/fcs\/wp-json\/wp\/v2\/comments?post=8822"}],"version-history":[{"count":1,"href":"https:\/\/www.fundacioncasaserra.org\/fcs\/wp-json\/wp\/v2\/posts\/8822\/revisions"}],"predecessor-version":[{"id":8824,"href":"https:\/\/www.fundacioncasaserra.org\/fcs\/wp-json\/wp\/v2\/posts\/8822\/revisions\/8824"}],"wp:attachment":[{"href":"https:\/\/www.fundacioncasaserra.org\/fcs\/wp-json\/wp\/v2\/media?parent=8822"}],"wp:term":[{"taxonomy":"category","embeddable":true,"href":"https:\/\/www.fundacioncasaserra.org\/fcs\/wp-json\/wp\/v2\/categories?post=8822"},{"taxonomy":"post_tag","embeddable":true,"href":"https:\/\/www.fundacioncasaserra.org\/fcs\/wp-json\/wp\/v2\/tags?post=8822"}],"curies":[{"name":"wp","href":"https:\/\/api.w.org\/{rel}","templated":true}]}}