{"id":8816,"date":"2025-09-23T16:36:33","date_gmt":"2025-09-23T16:36:33","guid":{"rendered":"https:\/\/www.fundacioncasaserra.org\/fcs\/?p=8816"},"modified":"2025-09-29T16:42:23","modified_gmt":"2025-09-29T16:42:23","slug":"el-president-del-cim-sr-galmes-visito-la-casa-serra-de-petra-el-23-septiembre-2025","status":"publish","type":"post","link":"https:\/\/www.fundacioncasaserra.org\/fcs\/el-president-del-cim-sr-galmes-visito-la-casa-serra-de-petra-el-23-septiembre-2025\/","title":{"rendered":"El President del CIM Sr. Galm\u00e9s visit\u00f3 la Casa Serra de Petra el 23 Septiembre 2025"},"content":{"rendered":"<p><img loading=\"lazy\" decoding=\"async\" class=\"alignnone  wp-image-8819\" src=\"https:\/\/www.fundacioncasaserra.org\/fcs\/wp-content\/uploads\/2025\/09\/presidente-CIM-10-aniversario-canonizacion-SJS-1024x768.jpg\" alt=\"\" width=\"843\" height=\"632\" srcset=\"https:\/\/www.fundacioncasaserra.org\/fcs\/wp-content\/uploads\/2025\/09\/presidente-CIM-10-aniversario-canonizacion-SJS-1024x768.jpg 1024w, https:\/\/www.fundacioncasaserra.org\/fcs\/wp-content\/uploads\/2025\/09\/presidente-CIM-10-aniversario-canonizacion-SJS-300x225.jpg 300w, https:\/\/www.fundacioncasaserra.org\/fcs\/wp-content\/uploads\/2025\/09\/presidente-CIM-10-aniversario-canonizacion-SJS-768x576.jpg 768w, https:\/\/www.fundacioncasaserra.org\/fcs\/wp-content\/uploads\/2025\/09\/presidente-CIM-10-aniversario-canonizacion-SJS-1536x1152.jpg 1536w, https:\/\/www.fundacioncasaserra.org\/fcs\/wp-content\/uploads\/2025\/09\/presidente-CIM-10-aniversario-canonizacion-SJS-249x187.jpg 249w, https:\/\/www.fundacioncasaserra.org\/fcs\/wp-content\/uploads\/2025\/09\/presidente-CIM-10-aniversario-canonizacion-SJS-1240x930.jpg 1240w, https:\/\/www.fundacioncasaserra.org\/fcs\/wp-content\/uploads\/2025\/09\/presidente-CIM-10-aniversario-canonizacion-SJS-600x450.jpg 600w, https:\/\/www.fundacioncasaserra.org\/fcs\/wp-content\/uploads\/2025\/09\/presidente-CIM-10-aniversario-canonizacion-SJS.jpg 1600w\" sizes=\"auto, (max-width: 843px) 100vw, 843px\" \/><\/p>\n<p>Coincidiendo con la efem\u00e9ride de la canonizaci\u00f3n por parte del papa Francisco, el President Lloren\u00e7 Galm\u00e9s visit\u00f3 la Casa Serra de Petra donde fue recibido por nuestra Presidenta Catalina Font y por D. Antonio Qu\u00e9s PGD 1995 y fundador del Rotary Club Mallorca.<\/p>\n<p>Visitaron adem\u00e1s el Museo Jun\u00edper Serra y el convento de Sant Bernad\u00ed de Sienna.\u00a0 El President Lloren\u00e7 Galm\u00e9s anunci\u00f3 el inicio de un ciclo de actividades culturales y divulgativos destinadas a \u00ab<strong>reformular y restituir el legado<\/strong> de Serra\u00bb. Dichas actividades se realizar\u00e1n tanto en Mallorca como en California.<\/p>\n<p>\u00abJun\u00edper Serra, a pesar de la controversia que lo rodea, sigue siendo un s\u00edmbolo de nuestra identidad y un punto de conexi\u00f3n entre Mallorca y California\u00bb, se\u00f1al\u00f3 acompa\u00f1ado del director insular de Cultura, Guillem Ginard; el alcalde de Petra, Salvador Femenias; la presidenta de la\u00a0<strong>Associaci\u00f3 d\u2019Amics del pare Serra<\/strong>, Catalina Font y fray Juan Ignacio Muro, guardi\u00e1n del covento de Sant Bernad\u00ed.<\/p>\n<p><img loading=\"lazy\" decoding=\"async\" class=\"alignnone size-full wp-image-8818\" src=\"https:\/\/www.fundacioncasaserra.org\/fcs\/wp-content\/uploads\/2025\/09\/1.jpeg\" alt=\"\" width=\"730\" height=\"500\" srcset=\"https:\/\/www.fundacioncasaserra.org\/fcs\/wp-content\/uploads\/2025\/09\/1.jpeg 730w, https:\/\/www.fundacioncasaserra.org\/fcs\/wp-content\/uploads\/2025\/09\/1-300x205.jpeg 300w, https:\/\/www.fundacioncasaserra.org\/fcs\/wp-content\/uploads\/2025\/09\/1-273x187.jpeg 273w, https:\/\/www.fundacioncasaserra.org\/fcs\/wp-content\/uploads\/2025\/09\/1-600x411.jpeg 600w\" sizes=\"auto, (max-width: 730px) 100vw, 730px\" \/><\/p>\n<p><a href=\"https:\/\/www.ultimahora.es\/noticias\/part-forana\/2025\/09\/23\/2476305\/objetivo-poner-valor-reformular-legado-fray-juniper-serra.html\">https:\/\/www.ultimahora.es\/noticias\/part-forana\/2025\/09\/23\/2476305\/objetivo-poner-valor-reformular-legado-fray-juniper-serra.html<\/a><\/p>\n","protected":false},"excerpt":{"rendered":"<p>Coincidiendo con la efem\u00e9ride de la canonizaci\u00f3n por parte del papa Francisco, el President Lloren\u00e7 Galm\u00e9s visit\u00f3 la Casa Serra de Petra donde fue recibido por nuestra Presidenta Catalina Font y por D. Antonio Qu\u00e9s PGD 1995 y fundador del Rotary Club Mallorca. Visitaron adem\u00e1s el Museo Jun\u00edper Serra y el convento de Sant Bernad\u00ed<\/p>\n","protected":false},"author":2,"featured_media":0,"comment_status":"closed","ping_status":"closed","sticky":false,"template":"","format":"standard","meta":{"footnotes":""},"categories":[657],"tags":[],"class_list":["post-8816","post","type-post","status-publish","format-standard","hentry","category-noticias","prodpage-classic"],"_links":{"self":[{"href":"https:\/\/www.fundacioncasaserra.org\/fcs\/wp-json\/wp\/v2\/posts\/8816","targetHints":{"allow":["GET"]}}],"collection":[{"href":"https:\/\/www.fundacioncasaserra.org\/fcs\/wp-json\/wp\/v2\/posts"}],"about":[{"href":"https:\/\/www.fundacioncasaserra.org\/fcs\/wp-json\/wp\/v2\/types\/post"}],"author":[{"embeddable":true,"href":"https:\/\/www.fundacioncasaserra.org\/fcs\/wp-json\/wp\/v2\/users\/2"}],"replies":[{"embeddable":true,"href":"https:\/\/www.fundacioncasaserra.org\/fcs\/wp-json\/wp\/v2\/comments?post=8816"}],"version-history":[{"count":3,"href":"https:\/\/www.fundacioncasaserra.org\/fcs\/wp-json\/wp\/v2\/posts\/8816\/revisions"}],"predecessor-version":[{"id":8821,"href":"https:\/\/www.fundacioncasaserra.org\/fcs\/wp-json\/wp\/v2\/posts\/8816\/revisions\/8821"}],"wp:attachment":[{"href":"https:\/\/www.fundacioncasaserra.org\/fcs\/wp-json\/wp\/v2\/media?parent=8816"}],"wp:term":[{"taxonomy":"category","embeddable":true,"href":"https:\/\/www.fundacioncasaserra.org\/fcs\/wp-json\/wp\/v2\/categories?post=8816"},{"taxonomy":"post_tag","embeddable":true,"href":"https:\/\/www.fundacioncasaserra.org\/fcs\/wp-json\/wp\/v2\/tags?post=8816"}],"curies":[{"name":"wp","href":"https:\/\/api.w.org\/{rel}","templated":true}]}}