{"id":8787,"date":"2025-09-11T16:16:29","date_gmt":"2025-09-11T16:16:29","guid":{"rendered":"https:\/\/www.fundacioncasaserra.org\/fcs\/?p=8787"},"modified":"2025-09-20T16:51:27","modified_gmt":"2025-09-20T16:51:27","slug":"10-septiembre-2025-visita-de-la-gobernadora-carmen-andreu-del-distrito-2203-rotary","status":"publish","type":"post","link":"https:\/\/www.fundacioncasaserra.org\/fcs\/10-septiembre-2025-visita-de-la-gobernadora-carmen-andreu-del-distrito-2203-rotary\/","title":{"rendered":"10 Septiembre 2025. Visita de la Gobernadora Carmen Andreu del Distrito 2203 Rotary"},"content":{"rendered":"<p><img loading=\"lazy\" decoding=\"async\" class=\"alignnone size-large wp-image-8789\" src=\"https:\/\/www.fundacioncasaserra.org\/fcs\/wp-content\/uploads\/2025\/09\/Casa-Serra-grupo-1024x577.jpg\" alt=\"\" width=\"1024\" height=\"577\" srcset=\"https:\/\/www.fundacioncasaserra.org\/fcs\/wp-content\/uploads\/2025\/09\/Casa-Serra-grupo-1024x577.jpg 1024w, https:\/\/www.fundacioncasaserra.org\/fcs\/wp-content\/uploads\/2025\/09\/Casa-Serra-grupo-300x169.jpg 300w, https:\/\/www.fundacioncasaserra.org\/fcs\/wp-content\/uploads\/2025\/09\/Casa-Serra-grupo-768x432.jpg 768w, https:\/\/www.fundacioncasaserra.org\/fcs\/wp-content\/uploads\/2025\/09\/Casa-Serra-grupo-1536x865.jpg 1536w, https:\/\/www.fundacioncasaserra.org\/fcs\/wp-content\/uploads\/2025\/09\/Casa-Serra-grupo-280x158.jpg 280w, https:\/\/www.fundacioncasaserra.org\/fcs\/wp-content\/uploads\/2025\/09\/Casa-Serra-grupo-1240x698.jpg 1240w, https:\/\/www.fundacioncasaserra.org\/fcs\/wp-content\/uploads\/2025\/09\/Casa-Serra-grupo-600x338.jpg 600w, https:\/\/www.fundacioncasaserra.org\/fcs\/wp-content\/uploads\/2025\/09\/Casa-Serra-grupo.jpg 2000w\" sizes=\"auto, (max-width: 1024px) 100vw, 1024px\" \/><\/p>\n<p><strong>D\u00aa Carmen Andreu L\u00f3pez\u00a0<\/strong><strong>\u00a0Gobernadora del Distrito 2203 2025-26\u00a0<\/strong> nos visit\u00f3 en la Casa Pairal de San Jun\u00edpero Serra, sede de la Fundaci\u00f3n Casa Serra presidida por el Rotary Club de Mallorca el pasado 10 de Septiembre de 2025. Estuvo acompa\u00f1ada por Rene Friedrich, Rotario encargado de Imagen p\u00fablica del Distrito 2203.<\/p>\n<p>Durante la ma\u00f1ana visitaron acompa\u00f1ados por Fray Ignacio Muro, Jaime Jaume y Emilio Martinez-Almoyna\u00a0 el Museo, la Casa y el Convento de san Bernad\u00ed.<\/p>\n<p>Felicitaron a la Presidenta Catalina Font por el cuidado del legado recibido, y animaron al comit\u00e9 de Becarios para que siga un a\u00f1o mas la actividad de hermanamiento entre Mallorca y Am\u00e9rica a trav\u00e9s de Rotary y la Fundaci\u00f3n Casa Serra.<\/p>\n","protected":false},"excerpt":{"rendered":"<p>D\u00aa Carmen Andreu L\u00f3pez\u00a0\u00a0Gobernadora del Distrito 2203 2025-26\u00a0 nos visit\u00f3 en la Casa Pairal de San Jun\u00edpero Serra, sede de la Fundaci\u00f3n Casa Serra presidida por el Rotary Club de Mallorca el pasado 10 de Septiembre de 2025. Estuvo acompa\u00f1ada por Rene Friedrich, Rotario encargado de Imagen p\u00fablica del Distrito 2203. Durante la ma\u00f1ana visitaron<\/p>\n","protected":false},"author":2,"featured_media":0,"comment_status":"closed","ping_status":"closed","sticky":false,"template":"","format":"standard","meta":{"footnotes":""},"categories":[657,595],"tags":[],"class_list":["post-8787","post","type-post","status-publish","format-standard","hentry","category-noticias","category-noticias-destacadas","prodpage-classic"],"_links":{"self":[{"href":"https:\/\/www.fundacioncasaserra.org\/fcs\/wp-json\/wp\/v2\/posts\/8787","targetHints":{"allow":["GET"]}}],"collection":[{"href":"https:\/\/www.fundacioncasaserra.org\/fcs\/wp-json\/wp\/v2\/posts"}],"about":[{"href":"https:\/\/www.fundacioncasaserra.org\/fcs\/wp-json\/wp\/v2\/types\/post"}],"author":[{"embeddable":true,"href":"https:\/\/www.fundacioncasaserra.org\/fcs\/wp-json\/wp\/v2\/users\/2"}],"replies":[{"embeddable":true,"href":"https:\/\/www.fundacioncasaserra.org\/fcs\/wp-json\/wp\/v2\/comments?post=8787"}],"version-history":[{"count":5,"href":"https:\/\/www.fundacioncasaserra.org\/fcs\/wp-json\/wp\/v2\/posts\/8787\/revisions"}],"predecessor-version":[{"id":8793,"href":"https:\/\/www.fundacioncasaserra.org\/fcs\/wp-json\/wp\/v2\/posts\/8787\/revisions\/8793"}],"wp:attachment":[{"href":"https:\/\/www.fundacioncasaserra.org\/fcs\/wp-json\/wp\/v2\/media?parent=8787"}],"wp:term":[{"taxonomy":"category","embeddable":true,"href":"https:\/\/www.fundacioncasaserra.org\/fcs\/wp-json\/wp\/v2\/categories?post=8787"},{"taxonomy":"post_tag","embeddable":true,"href":"https:\/\/www.fundacioncasaserra.org\/fcs\/wp-json\/wp\/v2\/tags?post=8787"}],"curies":[{"name":"wp","href":"https:\/\/api.w.org\/{rel}","templated":true}]}}