{"id":8720,"date":"2025-06-25T15:49:14","date_gmt":"2025-06-25T15:49:14","guid":{"rendered":"https:\/\/www.fundacioncasaserra.org\/fcs\/?p=8720"},"modified":"2025-06-26T05:42:49","modified_gmt":"2025-06-26T05:42:49","slug":"despedida-de-fray-carlos-enrique-lopez","status":"publish","type":"post","link":"https:\/\/www.fundacioncasaserra.org\/fcs\/despedida-de-fray-carlos-enrique-lopez\/","title":{"rendered":"Despedida de Fray Carlos Enrique L\u00f3pez"},"content":{"rendered":"<p><img loading=\"lazy\" decoding=\"async\" class=\"alignnone size-large wp-image-8725\" src=\"https:\/\/www.fundacioncasaserra.org\/fcs\/wp-content\/uploads\/2025\/06\/PHOTO-2025-06-25-10-54-07-1024x576.jpg\" alt=\"\" width=\"1024\" height=\"576\" srcset=\"https:\/\/www.fundacioncasaserra.org\/fcs\/wp-content\/uploads\/2025\/06\/PHOTO-2025-06-25-10-54-07-1024x576.jpg 1024w, https:\/\/www.fundacioncasaserra.org\/fcs\/wp-content\/uploads\/2025\/06\/PHOTO-2025-06-25-10-54-07-300x169.jpg 300w, https:\/\/www.fundacioncasaserra.org\/fcs\/wp-content\/uploads\/2025\/06\/PHOTO-2025-06-25-10-54-07-768x432.jpg 768w, https:\/\/www.fundacioncasaserra.org\/fcs\/wp-content\/uploads\/2025\/06\/PHOTO-2025-06-25-10-54-07-1536x864.jpg 1536w, https:\/\/www.fundacioncasaserra.org\/fcs\/wp-content\/uploads\/2025\/06\/PHOTO-2025-06-25-10-54-07-280x158.jpg 280w, https:\/\/www.fundacioncasaserra.org\/fcs\/wp-content\/uploads\/2025\/06\/PHOTO-2025-06-25-10-54-07-1240x698.jpg 1240w, https:\/\/www.fundacioncasaserra.org\/fcs\/wp-content\/uploads\/2025\/06\/PHOTO-2025-06-25-10-54-07-600x338.jpg 600w, https:\/\/www.fundacioncasaserra.org\/fcs\/wp-content\/uploads\/2025\/06\/PHOTO-2025-06-25-10-54-07.jpg 1600w\" sizes=\"auto, (max-width: 1024px) 100vw, 1024px\" \/><\/p>\n<p><img loading=\"lazy\" decoding=\"async\" class=\"alignnone wp-image-7457\" src=\"https:\/\/www.fundacioncasaserra.org\/fcs\/wp-content\/uploads\/2019\/11\/PHOTO-2019-11-13-19-53-54-1024x768.jpg\" alt=\"\" width=\"791\" height=\"593\" srcset=\"https:\/\/www.fundacioncasaserra.org\/fcs\/wp-content\/uploads\/2019\/11\/PHOTO-2019-11-13-19-53-54.jpg 1024w, https:\/\/www.fundacioncasaserra.org\/fcs\/wp-content\/uploads\/2019\/11\/PHOTO-2019-11-13-19-53-54-300x225.jpg 300w, https:\/\/www.fundacioncasaserra.org\/fcs\/wp-content\/uploads\/2019\/11\/PHOTO-2019-11-13-19-53-54-768x576.jpg 768w, https:\/\/www.fundacioncasaserra.org\/fcs\/wp-content\/uploads\/2019\/11\/PHOTO-2019-11-13-19-53-54-249x187.jpg 249w, https:\/\/www.fundacioncasaserra.org\/fcs\/wp-content\/uploads\/2019\/11\/PHOTO-2019-11-13-19-53-54-600x450.jpg 600w\" sizes=\"auto, (max-width: 791px) 100vw, 791px\" \/><\/p>\n<p><strong><span style=\"font-family: arial, helvetica, sans-serif; font-size: 10px;\">Fray Jos\u00e9 L. L\u00f3pez T.O.R., M\u00aa Jos\u00e9 Salazar, Catalina Font, Fray Carlos Enrique L\u00f3pez O.F.M, Joan Fageda, Fray Carlos Adri\u00e1n D\u00edaz O.F.M., Emilio Mtz-Almoyna\u00a0<\/span><\/strong><\/p>\n<p data-start=\"156\" data-end=\"192\"><strong data-start=\"156\" data-end=\"192\">HASTA LUEGO, FRAY CARLOS ENRIQUE<\/strong><\/p>\n<p data-start=\"194\" data-end=\"490\">El mi\u00e9rcoles 13 de noviembre de 2019, el Rotary Club de Mallorca tuvo el honor de recibir a los nuevos frailes franciscanos destinados al Convento de San Bernardino de Petra: Fray Carlos Enrique L\u00f3pez y Fray Carlos Adri\u00e1n D\u00edaz. Fue el inicio de una etapa llena de entrega, cercan\u00eda y fraternidad.<\/p>\n<p data-start=\"492\" data-end=\"866\">Hoy, con pesar pero tambi\u00e9n con gratitud, nos despedimos de Fray Carlos Enrique L\u00f3pez, O.F.M., quien regresa a M\u00e9xico para asumir la direcci\u00f3n de la Comunidad Franciscana de Baja California. Religioso de la Orden de Frailes Menores, perteneciente a la Provincia franciscana de San Jun\u00edpero Serra de M\u00e9xico, ha sido una presencia luminosa y comprometida en nuestra comunidad.<\/p>\n<p data-start=\"868\" data-end=\"1167\">Desde su llegada a Petra en 2019, Fray Carlos Enrique se ha ganado el cari\u00f1o de todos por su car\u00e1cter amable, atento y cercano. Inspirado en la figura de San Jun\u00edpero Serra, ha sabido conjugar el conocimiento profundo de la historia de M\u00e9xico y de Espa\u00f1a con una labor pastoral constante y generosa.<\/p>\n<p data-start=\"1169\" data-end=\"1491\">Ha sido Guardi\u00e1n del Convento de San Bernardino y, tras el traslado de Fray Antonio Minjares a Tijuana, asumi\u00f3 con responsabilidad y entrega la administraci\u00f3n de la Parroquia de Sant Pere de Petra. Tambi\u00e9n ha ejercido como vicario en el Hospital de Manacor, as\u00ed como en las parroquias de Manacor, Porto Cristo y Son Maci\u00e0.<\/p>\n<p data-start=\"1493\" data-end=\"1837\">M\u00e1s all\u00e1 de su labor religiosa, Fray Carlos ha estado muy presente en la vida civil y social: ha sido patrono de la Fundaci\u00f3n Casa Serra, socio de la asociaci\u00f3n \u201cAmigos de Fray Jun\u00edpero Serra\u201d y colaborador entusiasta del proyecto de Becarios Americanos del Rotary Club Mallorca y la FCS, ofreciendo siempre su apoyo, sus espacios y su aliento.<\/p>\n<p data-start=\"1839\" data-end=\"2075\">Su paso por Mallorca ha sido un verdadero testimonio de vida franciscana. Por todo ello, le expresamos nuestro m\u00e1s profundo agradecimiento. Su recuerdo y su ejemplo permanecer\u00e1n con nosotros, y su regreso ser\u00e1 siempre motivo de alegr\u00eda.<\/p>\n<p data-start=\"2077\" data-end=\"2216\">Con afecto y admiraci\u00f3n, desde Petra, la Fundaci\u00f3n Casa Serra y el Rotary Club Mallorca, le decimos: <strong data-start=\"2178\" data-end=\"2216\">\u00a1hasta luego, Fray Carlos Enrique!<\/strong><\/p>\n<p data-start=\"2077\" data-end=\"2216\"><span style=\"color: #0000ff;\"><em>VIDEOS del Acto Religioso y de la DESPEDIDA POPULAR<\/em><\/span><\/p>\n<p data-start=\"2077\" data-end=\"2216\"><a href=\"https:\/\/www.fundacioncasaserra.org\/fcs\/wp-content\/uploads\/2025\/06\/VIDEO-2025-06-25-10-52-32.mp4\">https:\/\/www.fundacioncasaserra.org\/fcs\/wp-content\/uploads\/2025\/06\/VIDEO-2025-06-25-10-52-32.mp4<\/a><\/p>\n<p data-start=\"2077\" data-end=\"2216\"><a href=\"https:\/\/www.fundacioncasaserra.org\/fcs\/wp-content\/uploads\/2025\/06\/VIDEO-2025-06-25-08-28-48.mp4\">https:\/\/www.fundacioncasaserra.org\/fcs\/wp-content\/uploads\/2025\/06\/VIDEO-2025-06-25-08-28-48.mp4<\/a><img loading=\"lazy\" decoding=\"async\" class=\"alignnone wp-image-8727\" src=\"https:\/\/www.fundacioncasaserra.org\/fcs\/wp-content\/uploads\/2025\/06\/PHOTO-2025-06-25-10-55-02-1024x576.jpg\" alt=\"\" width=\"798\" height=\"449\" srcset=\"https:\/\/www.fundacioncasaserra.org\/fcs\/wp-content\/uploads\/2025\/06\/PHOTO-2025-06-25-10-55-02-1024x576.jpg 1024w, https:\/\/www.fundacioncasaserra.org\/fcs\/wp-content\/uploads\/2025\/06\/PHOTO-2025-06-25-10-55-02-300x169.jpg 300w, https:\/\/www.fundacioncasaserra.org\/fcs\/wp-content\/uploads\/2025\/06\/PHOTO-2025-06-25-10-55-02-768x432.jpg 768w, https:\/\/www.fundacioncasaserra.org\/fcs\/wp-content\/uploads\/2025\/06\/PHOTO-2025-06-25-10-55-02-1536x864.jpg 1536w, https:\/\/www.fundacioncasaserra.org\/fcs\/wp-content\/uploads\/2025\/06\/PHOTO-2025-06-25-10-55-02-280x158.jpg 280w, https:\/\/www.fundacioncasaserra.org\/fcs\/wp-content\/uploads\/2025\/06\/PHOTO-2025-06-25-10-55-02-1240x698.jpg 1240w, https:\/\/www.fundacioncasaserra.org\/fcs\/wp-content\/uploads\/2025\/06\/PHOTO-2025-06-25-10-55-02-600x338.jpg 600w, https:\/\/www.fundacioncasaserra.org\/fcs\/wp-content\/uploads\/2025\/06\/PHOTO-2025-06-25-10-55-02.jpg 1600w\" sizes=\"auto, (max-width: 798px) 100vw, 798px\" \/><\/p>\n<p data-start=\"2077\" data-end=\"2216\"><img loading=\"lazy\" decoding=\"async\" class=\"alignnone wp-image-8724\" src=\"https:\/\/www.fundacioncasaserra.org\/fcs\/wp-content\/uploads\/2025\/06\/PHOTO-2025-06-25-10-53-47-576x1024.jpg\" alt=\"\" width=\"341\" height=\"607\" srcset=\"https:\/\/www.fundacioncasaserra.org\/fcs\/wp-content\/uploads\/2025\/06\/PHOTO-2025-06-25-10-53-47-576x1024.jpg 576w, https:\/\/www.fundacioncasaserra.org\/fcs\/wp-content\/uploads\/2025\/06\/PHOTO-2025-06-25-10-53-47-169x300.jpg 169w, https:\/\/www.fundacioncasaserra.org\/fcs\/wp-content\/uploads\/2025\/06\/PHOTO-2025-06-25-10-53-47-768x1365.jpg 768w, https:\/\/www.fundacioncasaserra.org\/fcs\/wp-content\/uploads\/2025\/06\/PHOTO-2025-06-25-10-53-47-864x1536.jpg 864w, https:\/\/www.fundacioncasaserra.org\/fcs\/wp-content\/uploads\/2025\/06\/PHOTO-2025-06-25-10-53-47-105x187.jpg 105w, https:\/\/www.fundacioncasaserra.org\/fcs\/wp-content\/uploads\/2025\/06\/PHOTO-2025-06-25-10-53-47-600x1067.jpg 600w, https:\/\/www.fundacioncasaserra.org\/fcs\/wp-content\/uploads\/2025\/06\/PHOTO-2025-06-25-10-53-47.jpg 900w\" sizes=\"auto, (max-width: 341px) 100vw, 341px\" \/> \u00a0 \u00a0<img loading=\"lazy\" decoding=\"async\" class=\"alignnone wp-image-8728\" src=\"https:\/\/www.fundacioncasaserra.org\/fcs\/wp-content\/uploads\/2025\/06\/PHOTO-2025-06-25-13-58-12-576x1024.jpg\" alt=\"\" width=\"338\" height=\"600\" srcset=\"https:\/\/www.fundacioncasaserra.org\/fcs\/wp-content\/uploads\/2025\/06\/PHOTO-2025-06-25-13-58-12-576x1024.jpg 576w, https:\/\/www.fundacioncasaserra.org\/fcs\/wp-content\/uploads\/2025\/06\/PHOTO-2025-06-25-13-58-12-169x300.jpg 169w, https:\/\/www.fundacioncasaserra.org\/fcs\/wp-content\/uploads\/2025\/06\/PHOTO-2025-06-25-13-58-12-768x1365.jpg 768w, https:\/\/www.fundacioncasaserra.org\/fcs\/wp-content\/uploads\/2025\/06\/PHOTO-2025-06-25-13-58-12-864x1536.jpg 864w, https:\/\/www.fundacioncasaserra.org\/fcs\/wp-content\/uploads\/2025\/06\/PHOTO-2025-06-25-13-58-12-105x187.jpg 105w, https:\/\/www.fundacioncasaserra.org\/fcs\/wp-content\/uploads\/2025\/06\/PHOTO-2025-06-25-13-58-12-600x1067.jpg 600w, https:\/\/www.fundacioncasaserra.org\/fcs\/wp-content\/uploads\/2025\/06\/PHOTO-2025-06-25-13-58-12.jpg 900w\" sizes=\"auto, (max-width: 338px) 100vw, 338px\" \/> <img loading=\"lazy\" decoding=\"async\" class=\"alignnone wp-image-8729\" src=\"https:\/\/www.fundacioncasaserra.org\/fcs\/wp-content\/uploads\/2025\/06\/PHOTO-2025-06-25-14-05-37-1-768x1024.jpg\" alt=\"\" width=\"560\" height=\"747\" srcset=\"https:\/\/www.fundacioncasaserra.org\/fcs\/wp-content\/uploads\/2025\/06\/PHOTO-2025-06-25-14-05-37-1-768x1024.jpg 768w, https:\/\/www.fundacioncasaserra.org\/fcs\/wp-content\/uploads\/2025\/06\/PHOTO-2025-06-25-14-05-37-1-225x300.jpg 225w, https:\/\/www.fundacioncasaserra.org\/fcs\/wp-content\/uploads\/2025\/06\/PHOTO-2025-06-25-14-05-37-1-1152x1536.jpg 1152w, https:\/\/www.fundacioncasaserra.org\/fcs\/wp-content\/uploads\/2025\/06\/PHOTO-2025-06-25-14-05-37-1-140x187.jpg 140w, https:\/\/www.fundacioncasaserra.org\/fcs\/wp-content\/uploads\/2025\/06\/PHOTO-2025-06-25-14-05-37-1-1240x1653.jpg 1240w, https:\/\/www.fundacioncasaserra.org\/fcs\/wp-content\/uploads\/2025\/06\/PHOTO-2025-06-25-14-05-37-1-600x800.jpg 600w, https:\/\/www.fundacioncasaserra.org\/fcs\/wp-content\/uploads\/2025\/06\/PHOTO-2025-06-25-14-05-37-1.jpg 1368w\" sizes=\"auto, (max-width: 560px) 100vw, 560px\" \/><\/p>\n<p data-start=\"2077\" data-end=\"2216\"><strong><span style=\"font-family: arial, helvetica, sans-serif; font-size: 10px;\">Su \u00faltima visita al RC Mallorca Mayo 2025, con Catalina Font, Marta Mayordomo y J.Manuel Bonnin<\/span><\/strong><\/p>\n<p data-start=\"2077\" data-end=\"2216\"><img loading=\"lazy\" decoding=\"async\" class=\"alignnone wp-image-8659\" src=\"https:\/\/www.fundacioncasaserra.org\/fcs\/wp-content\/uploads\/2025\/06\/784f79c2-a4a5-47c6-9e06-b920f95e4b09-768x1024.jpg\" alt=\"\" width=\"530\" height=\"707\" srcset=\"https:\/\/www.fundacioncasaserra.org\/fcs\/wp-content\/uploads\/2025\/06\/784f79c2-a4a5-47c6-9e06-b920f95e4b09-768x1024.jpg 768w, https:\/\/www.fundacioncasaserra.org\/fcs\/wp-content\/uploads\/2025\/06\/784f79c2-a4a5-47c6-9e06-b920f95e4b09-225x300.jpg 225w, https:\/\/www.fundacioncasaserra.org\/fcs\/wp-content\/uploads\/2025\/06\/784f79c2-a4a5-47c6-9e06-b920f95e4b09-1152x1536.jpg 1152w, https:\/\/www.fundacioncasaserra.org\/fcs\/wp-content\/uploads\/2025\/06\/784f79c2-a4a5-47c6-9e06-b920f95e4b09-140x187.jpg 140w, https:\/\/www.fundacioncasaserra.org\/fcs\/wp-content\/uploads\/2025\/06\/784f79c2-a4a5-47c6-9e06-b920f95e4b09-1240x1653.jpg 1240w, https:\/\/www.fundacioncasaserra.org\/fcs\/wp-content\/uploads\/2025\/06\/784f79c2-a4a5-47c6-9e06-b920f95e4b09-600x800.jpg 600w, https:\/\/www.fundacioncasaserra.org\/fcs\/wp-content\/uploads\/2025\/06\/784f79c2-a4a5-47c6-9e06-b920f95e4b09.jpg 1536w\" sizes=\"auto, (max-width: 530px) 100vw, 530px\" \/><\/p>\n<p data-start=\"2077\" data-end=\"2216\"><img loading=\"lazy\" decoding=\"async\" class=\"alignnone wp-image-8661\" src=\"https:\/\/www.fundacioncasaserra.org\/fcs\/wp-content\/uploads\/2025\/06\/4832ab7e-3ec3-4c68-b6ca-53f41b40ed42.jpg\" alt=\"\" width=\"537\" height=\"716\" srcset=\"https:\/\/www.fundacioncasaserra.org\/fcs\/wp-content\/uploads\/2025\/06\/4832ab7e-3ec3-4c68-b6ca-53f41b40ed42.jpg 576w, https:\/\/www.fundacioncasaserra.org\/fcs\/wp-content\/uploads\/2025\/06\/4832ab7e-3ec3-4c68-b6ca-53f41b40ed42-225x300.jpg 225w, https:\/\/www.fundacioncasaserra.org\/fcs\/wp-content\/uploads\/2025\/06\/4832ab7e-3ec3-4c68-b6ca-53f41b40ed42-140x187.jpg 140w\" sizes=\"auto, (max-width: 537px) 100vw, 537px\" \/><\/p>\n<p><img loading=\"lazy\" decoding=\"async\" class=\"alignnone wp-image-8678\" src=\"https:\/\/www.fundacioncasaserra.org\/fcs\/wp-content\/uploads\/2025\/06\/IMG_5134.jpg\" alt=\"\" width=\"825\" height=\"561\" srcset=\"https:\/\/www.fundacioncasaserra.org\/fcs\/wp-content\/uploads\/2025\/06\/IMG_5134.jpg 1024w, https:\/\/www.fundacioncasaserra.org\/fcs\/wp-content\/uploads\/2025\/06\/IMG_5134-300x204.jpg 300w, https:\/\/www.fundacioncasaserra.org\/fcs\/wp-content\/uploads\/2025\/06\/IMG_5134-768x522.jpg 768w, https:\/\/www.fundacioncasaserra.org\/fcs\/wp-content\/uploads\/2025\/06\/IMG_5134-275x187.jpg 275w, https:\/\/www.fundacioncasaserra.org\/fcs\/wp-content\/uploads\/2025\/06\/IMG_5134-600x408.jpg 600w\" sizes=\"auto, (max-width: 825px) 100vw, 825px\" \/><\/p>\n<p>&nbsp;<\/p>\n","protected":false},"excerpt":{"rendered":"<p>Fray Jos\u00e9 L. L\u00f3pez T.O.R., M\u00aa Jos\u00e9 Salazar, Catalina Font, Fray Carlos Enrique L\u00f3pez O.F.M, Joan Fageda, Fray Carlos Adri\u00e1n D\u00edaz O.F.M., Emilio Mtz-Almoyna\u00a0 HASTA LUEGO, FRAY CARLOS ENRIQUE El mi\u00e9rcoles 13 de noviembre de 2019, el Rotary Club de Mallorca tuvo el honor de recibir a los nuevos frailes franciscanos destinados al Convento de<\/p>\n","protected":false},"author":2,"featured_media":0,"comment_status":"closed","ping_status":"closed","sticky":false,"template":"","format":"standard","meta":{"footnotes":""},"categories":[657,595],"tags":[],"class_list":["post-8720","post","type-post","status-publish","format-standard","hentry","category-noticias","category-noticias-destacadas","prodpage-classic"],"_links":{"self":[{"href":"https:\/\/www.fundacioncasaserra.org\/fcs\/wp-json\/wp\/v2\/posts\/8720","targetHints":{"allow":["GET"]}}],"collection":[{"href":"https:\/\/www.fundacioncasaserra.org\/fcs\/wp-json\/wp\/v2\/posts"}],"about":[{"href":"https:\/\/www.fundacioncasaserra.org\/fcs\/wp-json\/wp\/v2\/types\/post"}],"author":[{"embeddable":true,"href":"https:\/\/www.fundacioncasaserra.org\/fcs\/wp-json\/wp\/v2\/users\/2"}],"replies":[{"embeddable":true,"href":"https:\/\/www.fundacioncasaserra.org\/fcs\/wp-json\/wp\/v2\/comments?post=8720"}],"version-history":[{"count":10,"href":"https:\/\/www.fundacioncasaserra.org\/fcs\/wp-json\/wp\/v2\/posts\/8720\/revisions"}],"predecessor-version":[{"id":8742,"href":"https:\/\/www.fundacioncasaserra.org\/fcs\/wp-json\/wp\/v2\/posts\/8720\/revisions\/8742"}],"wp:attachment":[{"href":"https:\/\/www.fundacioncasaserra.org\/fcs\/wp-json\/wp\/v2\/media?parent=8720"}],"wp:term":[{"taxonomy":"category","embeddable":true,"href":"https:\/\/www.fundacioncasaserra.org\/fcs\/wp-json\/wp\/v2\/categories?post=8720"},{"taxonomy":"post_tag","embeddable":true,"href":"https:\/\/www.fundacioncasaserra.org\/fcs\/wp-json\/wp\/v2\/tags?post=8720"}],"curies":[{"name":"wp","href":"https:\/\/api.w.org\/{rel}","templated":true}]}}