{"id":8512,"date":"2024-09-20T09:26:22","date_gmt":"2024-09-20T09:26:22","guid":{"rendered":"https:\/\/www.fundacioncasaserra.org\/fcs\/?p=8512"},"modified":"2024-09-20T09:29:59","modified_gmt":"2024-09-20T09:29:59","slug":"presentacion-del-libro-junipero-serra-padre-fundador","status":"publish","type":"post","link":"https:\/\/www.fundacioncasaserra.org\/fcs\/presentacion-del-libro-junipero-serra-padre-fundador\/","title":{"rendered":"Presentaci\u00f3n del libro JUNIPERO SERRA, Padre Fundador."},"content":{"rendered":"<p><img loading=\"lazy\" decoding=\"async\" class=\"alignnone size-full wp-image-8516\" src=\"https:\/\/www.fundacioncasaserra.org\/fcs\/wp-content\/uploads\/2024\/09\/port.jpg\" alt=\"\" width=\"606\" height=\"413\" srcset=\"https:\/\/www.fundacioncasaserra.org\/fcs\/wp-content\/uploads\/2024\/09\/port.jpg 606w, https:\/\/www.fundacioncasaserra.org\/fcs\/wp-content\/uploads\/2024\/09\/port-300x204.jpg 300w, https:\/\/www.fundacioncasaserra.org\/fcs\/wp-content\/uploads\/2024\/09\/port-274x187.jpg 274w, https:\/\/www.fundacioncasaserra.org\/fcs\/wp-content\/uploads\/2024\/09\/port-600x409.jpg 600w\" sizes=\"auto, (max-width: 606px) 100vw, 606px\" \/><\/p>\n<p>El\u00a0 mi\u00e9rcoles 18 de septiembre , con motivo de las fiestas juniperianas, se present\u00f3 el libro, JUNIPERO SERRA, Padre Fundador, una nueva edici\u00f3n en castellano de la que\u00a0 escribi\u00f3, Steve Hackel en 2013.<\/p>\n<p>El Sr Obispo , Mn.\u00a0 Sebasti\u00e0 Taltavull , escribi\u00f3 el pr\u00f3logo de esta edici\u00f3n , y se realiz\u00f3 en el Museo .<\/p>\n<p>El acto fue abierto y presentado por Catalina Font, Presidenta del Museo y Patrona de la Fundaci\u00f3n Casa Serra. El Obispo presidi\u00f3 el acto y explic\u00f3 el pr\u00f3logo y el Rector lo cerr\u00f3.<\/p>\n<p>Asisti\u00f3 un numeroso p\u00fablico que se interes\u00f3 mucho por la obra.<\/p>\n<p><img loading=\"lazy\" decoding=\"async\" class=\"alignnone  wp-image-8517\" src=\"https:\/\/www.fundacioncasaserra.org\/fcs\/wp-content\/uploads\/2024\/09\/CF36BF2E-0DC0-4475-8971-2088C2813539-819x1024.jpg\" alt=\"\" width=\"494\" height=\"618\" srcset=\"https:\/\/www.fundacioncasaserra.org\/fcs\/wp-content\/uploads\/2024\/09\/CF36BF2E-0DC0-4475-8971-2088C2813539-819x1024.jpg 819w, https:\/\/www.fundacioncasaserra.org\/fcs\/wp-content\/uploads\/2024\/09\/CF36BF2E-0DC0-4475-8971-2088C2813539-240x300.jpg 240w, https:\/\/www.fundacioncasaserra.org\/fcs\/wp-content\/uploads\/2024\/09\/CF36BF2E-0DC0-4475-8971-2088C2813539-768x960.jpg 768w, https:\/\/www.fundacioncasaserra.org\/fcs\/wp-content\/uploads\/2024\/09\/CF36BF2E-0DC0-4475-8971-2088C2813539-1229x1536.jpg 1229w, https:\/\/www.fundacioncasaserra.org\/fcs\/wp-content\/uploads\/2024\/09\/CF36BF2E-0DC0-4475-8971-2088C2813539-150x187.jpg 150w, https:\/\/www.fundacioncasaserra.org\/fcs\/wp-content\/uploads\/2024\/09\/CF36BF2E-0DC0-4475-8971-2088C2813539-1240x1550.jpg 1240w, https:\/\/www.fundacioncasaserra.org\/fcs\/wp-content\/uploads\/2024\/09\/CF36BF2E-0DC0-4475-8971-2088C2813539-600x750.jpg 600w, https:\/\/www.fundacioncasaserra.org\/fcs\/wp-content\/uploads\/2024\/09\/CF36BF2E-0DC0-4475-8971-2088C2813539.jpg 1440w\" sizes=\"auto, (max-width: 494px) 100vw, 494px\" \/> <img loading=\"lazy\" decoding=\"async\" class=\"alignnone  wp-image-8518\" src=\"https:\/\/www.fundacioncasaserra.org\/fcs\/wp-content\/uploads\/2024\/09\/IMG_9270-576x1024.jpg\" alt=\"\" width=\"348\" height=\"618\" srcset=\"https:\/\/www.fundacioncasaserra.org\/fcs\/wp-content\/uploads\/2024\/09\/IMG_9270-576x1024.jpg 576w, https:\/\/www.fundacioncasaserra.org\/fcs\/wp-content\/uploads\/2024\/09\/IMG_9270-169x300.jpg 169w, https:\/\/www.fundacioncasaserra.org\/fcs\/wp-content\/uploads\/2024\/09\/IMG_9270-768x1365.jpg 768w, https:\/\/www.fundacioncasaserra.org\/fcs\/wp-content\/uploads\/2024\/09\/IMG_9270-864x1536.jpg 864w, https:\/\/www.fundacioncasaserra.org\/fcs\/wp-content\/uploads\/2024\/09\/IMG_9270-1152x2048.jpg 1152w, https:\/\/www.fundacioncasaserra.org\/fcs\/wp-content\/uploads\/2024\/09\/IMG_9270-105x187.jpg 105w, https:\/\/www.fundacioncasaserra.org\/fcs\/wp-content\/uploads\/2024\/09\/IMG_9270-1240x2204.jpg 1240w, https:\/\/www.fundacioncasaserra.org\/fcs\/wp-content\/uploads\/2024\/09\/IMG_9270-600x1067.jpg 600w, https:\/\/www.fundacioncasaserra.org\/fcs\/wp-content\/uploads\/2024\/09\/IMG_9270-scaled.jpg 1440w\" sizes=\"auto, (max-width: 348px) 100vw, 348px\" \/><\/p>\n","protected":false},"excerpt":{"rendered":"<p>El\u00a0 mi\u00e9rcoles 18 de septiembre , con motivo de las fiestas juniperianas, se present\u00f3 el libro, JUNIPERO SERRA, Padre Fundador, una nueva edici\u00f3n en castellano de la que\u00a0 escribi\u00f3, Steve Hackel en 2013. El Sr Obispo , Mn.\u00a0 Sebasti\u00e0 Taltavull , escribi\u00f3 el pr\u00f3logo de esta edici\u00f3n , y se realiz\u00f3 en el Museo .<\/p>\n","protected":false},"author":4,"featured_media":0,"comment_status":"closed","ping_status":"closed","sticky":false,"template":"","format":"standard","meta":{"footnotes":""},"categories":[657],"tags":[],"class_list":["post-8512","post","type-post","status-publish","format-standard","hentry","category-noticias","prodpage-classic"],"_links":{"self":[{"href":"https:\/\/www.fundacioncasaserra.org\/fcs\/wp-json\/wp\/v2\/posts\/8512","targetHints":{"allow":["GET"]}}],"collection":[{"href":"https:\/\/www.fundacioncasaserra.org\/fcs\/wp-json\/wp\/v2\/posts"}],"about":[{"href":"https:\/\/www.fundacioncasaserra.org\/fcs\/wp-json\/wp\/v2\/types\/post"}],"author":[{"embeddable":true,"href":"https:\/\/www.fundacioncasaserra.org\/fcs\/wp-json\/wp\/v2\/users\/4"}],"replies":[{"embeddable":true,"href":"https:\/\/www.fundacioncasaserra.org\/fcs\/wp-json\/wp\/v2\/comments?post=8512"}],"version-history":[{"count":3,"href":"https:\/\/www.fundacioncasaserra.org\/fcs\/wp-json\/wp\/v2\/posts\/8512\/revisions"}],"predecessor-version":[{"id":8519,"href":"https:\/\/www.fundacioncasaserra.org\/fcs\/wp-json\/wp\/v2\/posts\/8512\/revisions\/8519"}],"wp:attachment":[{"href":"https:\/\/www.fundacioncasaserra.org\/fcs\/wp-json\/wp\/v2\/media?parent=8512"}],"wp:term":[{"taxonomy":"category","embeddable":true,"href":"https:\/\/www.fundacioncasaserra.org\/fcs\/wp-json\/wp\/v2\/categories?post=8512"},{"taxonomy":"post_tag","embeddable":true,"href":"https:\/\/www.fundacioncasaserra.org\/fcs\/wp-json\/wp\/v2\/tags?post=8512"}],"curies":[{"name":"wp","href":"https:\/\/api.w.org\/{rel}","templated":true}]}}