{"id":8492,"date":"2024-09-20T08:51:40","date_gmt":"2024-09-20T08:51:40","guid":{"rendered":"https:\/\/www.fundacioncasaserra.org\/fcs\/?p=8492"},"modified":"2025-01-30T07:51:43","modified_gmt":"2025-01-30T07:51:43","slug":"nueva-comunidad-religiosa-de-nuestra-sra-del-refugio-en-petra","status":"publish","type":"post","link":"https:\/\/www.fundacioncasaserra.org\/fcs\/nueva-comunidad-religiosa-de-nuestra-sra-del-refugio-en-petra\/","title":{"rendered":"Nueva Comunidad religiosa de Nuestra Sra. del Refugio en Petra"},"content":{"rendered":"<p><img loading=\"lazy\" decoding=\"async\" class=\"alignnone wp-image-8493\" src=\"https:\/\/www.fundacioncasaserra.org\/fcs\/wp-content\/uploads\/2024\/09\/religiosas-2-1024x768.jpg\" alt=\"\" width=\"851\" height=\"638\" srcset=\"https:\/\/www.fundacioncasaserra.org\/fcs\/wp-content\/uploads\/2024\/09\/religiosas-2-1024x768.jpg 1024w, https:\/\/www.fundacioncasaserra.org\/fcs\/wp-content\/uploads\/2024\/09\/religiosas-2-300x225.jpg 300w, https:\/\/www.fundacioncasaserra.org\/fcs\/wp-content\/uploads\/2024\/09\/religiosas-2-768x576.jpg 768w, https:\/\/www.fundacioncasaserra.org\/fcs\/wp-content\/uploads\/2024\/09\/religiosas-2-1536x1152.jpg 1536w, https:\/\/www.fundacioncasaserra.org\/fcs\/wp-content\/uploads\/2024\/09\/religiosas-2-249x187.jpg 249w, https:\/\/www.fundacioncasaserra.org\/fcs\/wp-content\/uploads\/2024\/09\/religiosas-2-1240x930.jpg 1240w, https:\/\/www.fundacioncasaserra.org\/fcs\/wp-content\/uploads\/2024\/09\/religiosas-2-600x450.jpg 600w, https:\/\/www.fundacioncasaserra.org\/fcs\/wp-content\/uploads\/2024\/09\/religiosas-2.jpg 2048w\" sizes=\"auto, (max-width: 851px) 100vw, 851px\" \/> <img loading=\"lazy\" decoding=\"async\" class=\"alignnone wp-image-8494\" src=\"https:\/\/www.fundacioncasaserra.org\/fcs\/wp-content\/uploads\/2024\/09\/religiosas-1024x768.jpg\" alt=\"\" width=\"845\" height=\"634\" srcset=\"https:\/\/www.fundacioncasaserra.org\/fcs\/wp-content\/uploads\/2024\/09\/religiosas-1024x768.jpg 1024w, https:\/\/www.fundacioncasaserra.org\/fcs\/wp-content\/uploads\/2024\/09\/religiosas-300x225.jpg 300w, https:\/\/www.fundacioncasaserra.org\/fcs\/wp-content\/uploads\/2024\/09\/religiosas-768x576.jpg 768w, https:\/\/www.fundacioncasaserra.org\/fcs\/wp-content\/uploads\/2024\/09\/religiosas-1536x1152.jpg 1536w, https:\/\/www.fundacioncasaserra.org\/fcs\/wp-content\/uploads\/2024\/09\/religiosas-249x187.jpg 249w, https:\/\/www.fundacioncasaserra.org\/fcs\/wp-content\/uploads\/2024\/09\/religiosas-1240x930.jpg 1240w, https:\/\/www.fundacioncasaserra.org\/fcs\/wp-content\/uploads\/2024\/09\/religiosas-600x450.jpg 600w, https:\/\/www.fundacioncasaserra.org\/fcs\/wp-content\/uploads\/2024\/09\/religiosas.jpg 2040w\" sizes=\"auto, (max-width: 845px) 100vw, 845px\" \/><\/p>\n<p><img loading=\"lazy\" decoding=\"async\" class=\"alignnone wp-image-8499\" src=\"https:\/\/www.fundacioncasaserra.org\/fcs\/wp-content\/uploads\/2024\/09\/PHOTO-2024-09-04-19-36-00-1024x576.jpg\" alt=\"\" width=\"853\" height=\"480\" srcset=\"https:\/\/www.fundacioncasaserra.org\/fcs\/wp-content\/uploads\/2024\/09\/PHOTO-2024-09-04-19-36-00-1024x576.jpg 1024w, https:\/\/www.fundacioncasaserra.org\/fcs\/wp-content\/uploads\/2024\/09\/PHOTO-2024-09-04-19-36-00-300x169.jpg 300w, https:\/\/www.fundacioncasaserra.org\/fcs\/wp-content\/uploads\/2024\/09\/PHOTO-2024-09-04-19-36-00-768x432.jpg 768w, https:\/\/www.fundacioncasaserra.org\/fcs\/wp-content\/uploads\/2024\/09\/PHOTO-2024-09-04-19-36-00-1536x864.jpg 1536w, https:\/\/www.fundacioncasaserra.org\/fcs\/wp-content\/uploads\/2024\/09\/PHOTO-2024-09-04-19-36-00-280x158.jpg 280w, https:\/\/www.fundacioncasaserra.org\/fcs\/wp-content\/uploads\/2024\/09\/PHOTO-2024-09-04-19-36-00-1240x698.jpg 1240w, https:\/\/www.fundacioncasaserra.org\/fcs\/wp-content\/uploads\/2024\/09\/PHOTO-2024-09-04-19-36-00-600x338.jpg 600w, https:\/\/www.fundacioncasaserra.org\/fcs\/wp-content\/uploads\/2024\/09\/PHOTO-2024-09-04-19-36-00.jpg 1600w\" sizes=\"auto, (max-width: 853px) 100vw, 853px\" \/><\/p>\n<p>La nueva Comunidad religiosa de Nuestra Sra. del Refugio , de M\u00e9xico, tendr\u00e1 un Convento en Petra.<\/p>\n<p>La Superiora General, madre Josefa, la madre provincial , Leticia\u00a0 acompa\u00f1aron a las religiosas de la nueva comunidad en Petra.<\/p>\n<p>La hermana Natividad, ser\u00e1 la superiora, junto a las hermanas Alexa y Francisca.<\/p>\n<p>Tras la bienvenida oficial del Obispo de Mallorca visitaron la Casa Pairal y el Museo de San Jun\u00edpero acompa\u00f1adas por Catalina Font Presidenta del Museo y Patrona de la Fundaci\u00f3n.<\/p>\n<p>Les damos la bienvenida y les deseamos una fecunda labor entre nosotros.<\/p>\n<p>\u00a1CUENTAN CON NUESTRO APOYO y COLABORACI\u00d3N!<\/p>\n<p><img loading=\"lazy\" decoding=\"async\" class=\"alignnone size-full wp-image-8501\" src=\"https:\/\/www.fundacioncasaserra.org\/fcs\/wp-content\/uploads\/2024\/09\/Captura-2024-09-08-a-las-0.20.06.png\" alt=\"\" width=\"640\" height=\"480\" srcset=\"https:\/\/www.fundacioncasaserra.org\/fcs\/wp-content\/uploads\/2024\/09\/Captura-2024-09-08-a-las-0.20.06.png 640w, https:\/\/www.fundacioncasaserra.org\/fcs\/wp-content\/uploads\/2024\/09\/Captura-2024-09-08-a-las-0.20.06-300x225.png 300w, https:\/\/www.fundacioncasaserra.org\/fcs\/wp-content\/uploads\/2024\/09\/Captura-2024-09-08-a-las-0.20.06-249x187.png 249w, https:\/\/www.fundacioncasaserra.org\/fcs\/wp-content\/uploads\/2024\/09\/Captura-2024-09-08-a-las-0.20.06-600x450.png 600w\" sizes=\"auto, (max-width: 640px) 100vw, 640px\" \/><\/p>\n","protected":false},"excerpt":{"rendered":"<p>La nueva Comunidad religiosa de Nuestra Sra. del Refugio , de M\u00e9xico, tendr\u00e1 un Convento en Petra. La Superiora General, madre Josefa, la madre provincial , Leticia\u00a0 acompa\u00f1aron a las religiosas de la nueva comunidad en Petra. La hermana Natividad, ser\u00e1 la superiora, junto a las hermanas Alexa y Francisca. Tras la bienvenida oficial del<\/p>\n","protected":false},"author":2,"featured_media":0,"comment_status":"closed","ping_status":"closed","sticky":false,"template":"","format":"standard","meta":{"footnotes":""},"categories":[657],"tags":[],"class_list":["post-8492","post","type-post","status-publish","format-standard","hentry","category-noticias","prodpage-classic"],"_links":{"self":[{"href":"https:\/\/www.fundacioncasaserra.org\/fcs\/wp-json\/wp\/v2\/posts\/8492","targetHints":{"allow":["GET"]}}],"collection":[{"href":"https:\/\/www.fundacioncasaserra.org\/fcs\/wp-json\/wp\/v2\/posts"}],"about":[{"href":"https:\/\/www.fundacioncasaserra.org\/fcs\/wp-json\/wp\/v2\/types\/post"}],"author":[{"embeddable":true,"href":"https:\/\/www.fundacioncasaserra.org\/fcs\/wp-json\/wp\/v2\/users\/2"}],"replies":[{"embeddable":true,"href":"https:\/\/www.fundacioncasaserra.org\/fcs\/wp-json\/wp\/v2\/comments?post=8492"}],"version-history":[{"count":6,"href":"https:\/\/www.fundacioncasaserra.org\/fcs\/wp-json\/wp\/v2\/posts\/8492\/revisions"}],"predecessor-version":[{"id":8502,"href":"https:\/\/www.fundacioncasaserra.org\/fcs\/wp-json\/wp\/v2\/posts\/8492\/revisions\/8502"}],"wp:attachment":[{"href":"https:\/\/www.fundacioncasaserra.org\/fcs\/wp-json\/wp\/v2\/media?parent=8492"}],"wp:term":[{"taxonomy":"category","embeddable":true,"href":"https:\/\/www.fundacioncasaserra.org\/fcs\/wp-json\/wp\/v2\/categories?post=8492"},{"taxonomy":"post_tag","embeddable":true,"href":"https:\/\/www.fundacioncasaserra.org\/fcs\/wp-json\/wp\/v2\/tags?post=8492"}],"curies":[{"name":"wp","href":"https:\/\/api.w.org\/{rel}","templated":true}]}}