{"id":8474,"date":"2024-08-29T15:56:16","date_gmt":"2024-08-29T15:56:16","guid":{"rendered":"https:\/\/www.fundacioncasaserra.org\/fcs\/?p=8474"},"modified":"2024-08-29T16:29:55","modified_gmt":"2024-08-29T16:29:55","slug":"visitas-en-agosto-24-a-la-casa-serra","status":"publish","type":"post","link":"https:\/\/www.fundacioncasaserra.org\/fcs\/visitas-en-agosto-24-a-la-casa-serra\/","title":{"rendered":"Visitas en Agosto 24 a la Casa Serra"},"content":{"rendered":"<p>En pleno agosto <strong>Catalina Fon<\/strong>t, Patr\u00f3n y Secretaria de la Fundaci\u00f3n Casa Serra sigue atendiendo visitantes a la casa.<img loading=\"lazy\" decoding=\"async\" class=\"alignnone wp-image-8481\" src=\"https:\/\/www.fundacioncasaserra.org\/fcs\/wp-content\/uploads\/2024\/08\/PHOTO-2024-08-26-16-18-28-1-1024x576.jpg\" alt=\"\" width=\"727\" height=\"409\" srcset=\"https:\/\/www.fundacioncasaserra.org\/fcs\/wp-content\/uploads\/2024\/08\/PHOTO-2024-08-26-16-18-28-1-1024x576.jpg 1024w, https:\/\/www.fundacioncasaserra.org\/fcs\/wp-content\/uploads\/2024\/08\/PHOTO-2024-08-26-16-18-28-1-300x169.jpg 300w, https:\/\/www.fundacioncasaserra.org\/fcs\/wp-content\/uploads\/2024\/08\/PHOTO-2024-08-26-16-18-28-1-768x432.jpg 768w, https:\/\/www.fundacioncasaserra.org\/fcs\/wp-content\/uploads\/2024\/08\/PHOTO-2024-08-26-16-18-28-1-1536x864.jpg 1536w, https:\/\/www.fundacioncasaserra.org\/fcs\/wp-content\/uploads\/2024\/08\/PHOTO-2024-08-26-16-18-28-1-280x158.jpg 280w, https:\/\/www.fundacioncasaserra.org\/fcs\/wp-content\/uploads\/2024\/08\/PHOTO-2024-08-26-16-18-28-1-1240x698.jpg 1240w, https:\/\/www.fundacioncasaserra.org\/fcs\/wp-content\/uploads\/2024\/08\/PHOTO-2024-08-26-16-18-28-1-600x338.jpg 600w, https:\/\/www.fundacioncasaserra.org\/fcs\/wp-content\/uploads\/2024\/08\/PHOTO-2024-08-26-16-18-28-1.jpg 1600w\" sizes=\"auto, (max-width: 727px) 100vw, 727px\" \/><\/p>\n<p>Acompa\u00f1ados por Catalina Font, Presidente del Museo y de los Amigos del Padre Serra, tambi\u00e9n visitaron la Casa Serra\u00a0 la periodista <strong>Mayte Pascual<\/strong> y un grupo de amigos.<img loading=\"lazy\" decoding=\"async\" class=\"alignnone wp-image-8480\" src=\"https:\/\/www.fundacioncasaserra.org\/fcs\/wp-content\/uploads\/2024\/08\/PHOTO-2024-08-26-16-11-18-1024x576.jpg\" alt=\"\" width=\"704\" height=\"396\" srcset=\"https:\/\/www.fundacioncasaserra.org\/fcs\/wp-content\/uploads\/2024\/08\/PHOTO-2024-08-26-16-11-18-1024x576.jpg 1024w, https:\/\/www.fundacioncasaserra.org\/fcs\/wp-content\/uploads\/2024\/08\/PHOTO-2024-08-26-16-11-18-300x169.jpg 300w, https:\/\/www.fundacioncasaserra.org\/fcs\/wp-content\/uploads\/2024\/08\/PHOTO-2024-08-26-16-11-18-768x432.jpg 768w, https:\/\/www.fundacioncasaserra.org\/fcs\/wp-content\/uploads\/2024\/08\/PHOTO-2024-08-26-16-11-18-1536x864.jpg 1536w, https:\/\/www.fundacioncasaserra.org\/fcs\/wp-content\/uploads\/2024\/08\/PHOTO-2024-08-26-16-11-18-280x158.jpg 280w, https:\/\/www.fundacioncasaserra.org\/fcs\/wp-content\/uploads\/2024\/08\/PHOTO-2024-08-26-16-11-18-1240x698.jpg 1240w, https:\/\/www.fundacioncasaserra.org\/fcs\/wp-content\/uploads\/2024\/08\/PHOTO-2024-08-26-16-11-18-600x338.jpg 600w, https:\/\/www.fundacioncasaserra.org\/fcs\/wp-content\/uploads\/2024\/08\/PHOTO-2024-08-26-16-11-18.jpg 1600w\" sizes=\"auto, (max-width: 704px) 100vw, 704px\" \/><img loading=\"lazy\" decoding=\"async\" class=\"alignnone  wp-image-8484\" src=\"https:\/\/www.fundacioncasaserra.org\/fcs\/wp-content\/uploads\/2024\/08\/PHOTO-2024-08-26-16-14-20.jpg\" alt=\"\" width=\"707\" height=\"405\" srcset=\"https:\/\/www.fundacioncasaserra.org\/fcs\/wp-content\/uploads\/2024\/08\/PHOTO-2024-08-26-16-14-20.jpg 896w, https:\/\/www.fundacioncasaserra.org\/fcs\/wp-content\/uploads\/2024\/08\/PHOTO-2024-08-26-16-14-20-300x172.jpg 300w, https:\/\/www.fundacioncasaserra.org\/fcs\/wp-content\/uploads\/2024\/08\/PHOTO-2024-08-26-16-14-20-768x440.jpg 768w, https:\/\/www.fundacioncasaserra.org\/fcs\/wp-content\/uploads\/2024\/08\/PHOTO-2024-08-26-16-14-20-280x160.jpg 280w, https:\/\/www.fundacioncasaserra.org\/fcs\/wp-content\/uploads\/2024\/08\/PHOTO-2024-08-26-16-14-20-600x344.jpg 600w\" sizes=\"auto, (max-width: 707px) 100vw, 707px\" \/><\/p>\n<p>Entre ellos <strong>Jes\u00fas G\u00f3mez y Hans Gert P\u00d6ttering<\/strong> , ex- presidente del Parlamento Europeo,\u00a0 que nos felicitaron por la conservaci\u00f3n de un lugar tan simb\u00f3lico para los mallorquines y los devotos de San Jun\u00edpero.<\/p>\n<p><img loading=\"lazy\" decoding=\"async\" class=\"alignnone  wp-image-8485\" src=\"https:\/\/www.fundacioncasaserra.org\/fcs\/wp-content\/uploads\/2024\/08\/PHOTO-2024-08-26-16-14-21.jpg\" alt=\"\" width=\"828\" height=\"474\" srcset=\"https:\/\/www.fundacioncasaserra.org\/fcs\/wp-content\/uploads\/2024\/08\/PHOTO-2024-08-26-16-14-21.jpg 896w, https:\/\/www.fundacioncasaserra.org\/fcs\/wp-content\/uploads\/2024\/08\/PHOTO-2024-08-26-16-14-21-300x172.jpg 300w, https:\/\/www.fundacioncasaserra.org\/fcs\/wp-content\/uploads\/2024\/08\/PHOTO-2024-08-26-16-14-21-768x440.jpg 768w, https:\/\/www.fundacioncasaserra.org\/fcs\/wp-content\/uploads\/2024\/08\/PHOTO-2024-08-26-16-14-21-280x160.jpg 280w, https:\/\/www.fundacioncasaserra.org\/fcs\/wp-content\/uploads\/2024\/08\/PHOTO-2024-08-26-16-14-21-600x344.jpg 600w\" sizes=\"auto, (max-width: 828px) 100vw, 828px\" \/><\/p>\n<p>&nbsp;<\/p>\n<p><img loading=\"lazy\" decoding=\"async\" class=\"alignnone wp-image-8482\" src=\"https:\/\/www.fundacioncasaserra.org\/fcs\/wp-content\/uploads\/2024\/08\/PHOTO-2024-08-26-16-18-28-1024x576.jpg\" alt=\"\" width=\"747\" height=\"420\" srcset=\"https:\/\/www.fundacioncasaserra.org\/fcs\/wp-content\/uploads\/2024\/08\/PHOTO-2024-08-26-16-18-28-1024x576.jpg 1024w, https:\/\/www.fundacioncasaserra.org\/fcs\/wp-content\/uploads\/2024\/08\/PHOTO-2024-08-26-16-18-28-300x169.jpg 300w, https:\/\/www.fundacioncasaserra.org\/fcs\/wp-content\/uploads\/2024\/08\/PHOTO-2024-08-26-16-18-28-768x432.jpg 768w, https:\/\/www.fundacioncasaserra.org\/fcs\/wp-content\/uploads\/2024\/08\/PHOTO-2024-08-26-16-18-28-1536x864.jpg 1536w, https:\/\/www.fundacioncasaserra.org\/fcs\/wp-content\/uploads\/2024\/08\/PHOTO-2024-08-26-16-18-28-280x158.jpg 280w, https:\/\/www.fundacioncasaserra.org\/fcs\/wp-content\/uploads\/2024\/08\/PHOTO-2024-08-26-16-18-28-1240x698.jpg 1240w, https:\/\/www.fundacioncasaserra.org\/fcs\/wp-content\/uploads\/2024\/08\/PHOTO-2024-08-26-16-18-28-600x338.jpg 600w, https:\/\/www.fundacioncasaserra.org\/fcs\/wp-content\/uploads\/2024\/08\/PHOTO-2024-08-26-16-18-28.jpg 1600w\" sizes=\"auto, (max-width: 747px) 100vw, 747px\" \/><\/p>\n<p><span style=\"font-size: 16px;\">El Rotario japon\u00e9s <strong>Toshihiro<\/strong> que visit\u00f3 al Rotary Club Mallorca vino despu\u00e9s a Petra.<\/span><\/p>\n<p>&nbsp;<\/p>\n","protected":false},"excerpt":{"rendered":"<p>En pleno agosto Catalina Font, Patr\u00f3n y Secretaria de la Fundaci\u00f3n Casa Serra sigue atendiendo visitantes a la casa. Acompa\u00f1ados por Catalina Font, Presidente del Museo y de los Amigos del Padre Serra, tambi\u00e9n visitaron la Casa Serra\u00a0 la periodista Mayte Pascual y un grupo de amigos. Entre ellos Jes\u00fas G\u00f3mez y Hans Gert P\u00d6ttering<\/p>\n","protected":false},"author":4,"featured_media":0,"comment_status":"closed","ping_status":"closed","sticky":false,"template":"","format":"standard","meta":{"footnotes":""},"categories":[657],"tags":[],"class_list":["post-8474","post","type-post","status-publish","format-standard","hentry","category-noticias","prodpage-classic"],"_links":{"self":[{"href":"https:\/\/www.fundacioncasaserra.org\/fcs\/wp-json\/wp\/v2\/posts\/8474","targetHints":{"allow":["GET"]}}],"collection":[{"href":"https:\/\/www.fundacioncasaserra.org\/fcs\/wp-json\/wp\/v2\/posts"}],"about":[{"href":"https:\/\/www.fundacioncasaserra.org\/fcs\/wp-json\/wp\/v2\/types\/post"}],"author":[{"embeddable":true,"href":"https:\/\/www.fundacioncasaserra.org\/fcs\/wp-json\/wp\/v2\/users\/4"}],"replies":[{"embeddable":true,"href":"https:\/\/www.fundacioncasaserra.org\/fcs\/wp-json\/wp\/v2\/comments?post=8474"}],"version-history":[{"count":7,"href":"https:\/\/www.fundacioncasaserra.org\/fcs\/wp-json\/wp\/v2\/posts\/8474\/revisions"}],"predecessor-version":[{"id":8486,"href":"https:\/\/www.fundacioncasaserra.org\/fcs\/wp-json\/wp\/v2\/posts\/8474\/revisions\/8486"}],"wp:attachment":[{"href":"https:\/\/www.fundacioncasaserra.org\/fcs\/wp-json\/wp\/v2\/media?parent=8474"}],"wp:term":[{"taxonomy":"category","embeddable":true,"href":"https:\/\/www.fundacioncasaserra.org\/fcs\/wp-json\/wp\/v2\/categories?post=8474"},{"taxonomy":"post_tag","embeddable":true,"href":"https:\/\/www.fundacioncasaserra.org\/fcs\/wp-json\/wp\/v2\/tags?post=8474"}],"curies":[{"name":"wp","href":"https:\/\/api.w.org\/{rel}","templated":true}]}}