{"id":8466,"date":"2024-06-24T15:36:20","date_gmt":"2024-06-24T15:36:20","guid":{"rendered":"https:\/\/www.fundacioncasaserra.org\/fcs\/?p=8466"},"modified":"2024-07-15T15:44:07","modified_gmt":"2024-07-15T15:44:07","slug":"24-junio-2024-los-becarios-en-diario-de-mallorca","status":"publish","type":"post","link":"https:\/\/www.fundacioncasaserra.org\/fcs\/24-junio-2024-los-becarios-en-diario-de-mallorca\/","title":{"rendered":"24 Junio 2024: Los Becarios en Diario de Mallorca"},"content":{"rendered":"<p><a href=\"https:\/\/www.diariodemallorca.es\/part-forana\/2024\/06\/24\/jovenes-americanos-aproximan-obra-juniper-104181677.html\">https:\/\/www.diariodemallorca.es\/part-forana\/2024\/06\/24\/jovenes-americanos-aproximan-obra-juniper-104181677.html<\/a><\/p>\n<p>&nbsp;<\/p>\n<header class=\"ft-layout-grid-flex__colXs-12 ft-layout-grid-flex__rowAddsGutter-0\">\n<h1 class=\"ft-title ft-helper-spacer-b-xs ft-helper-fontSize-heading-M\">J\u00f3venes americanos se aproximan a la obra de Jun\u00edper Serra<\/h1>\n<h2 class=\"ft-mol-subtitle ft-helper-fontColor-quaternary\">Los estudiantes, procedentes de California, han llevado a cabo numerosas actividades formativas y pr\u00e1cticas relacionadas con la figura del evangelizador<\/h2>\n<\/header>\n<div class=\"ft-layout-grid-flex__colXs-12 ft-layout-grid-flex__colSm-7 ft-layout-grid-flex__colMd-8\">\n<figure class=\"ft-img\"><picture><source srcset=\"https:\/\/estaticos-cdn.prensaiberica.es\/clip\/804211e4-31f2-4fce-aa59-d503fa25fa09_16-9-discover-aspect-ratio_default_0.webp\" type=\"image\/webp\" media=\"(min-width:640.1px)\" \/><source srcset=\"https:\/\/estaticos-cdn.prensaiberica.es\/clip\/804211e4-31f2-4fce-aa59-d503fa25fa09_16-9-discover-aspect-ratio_640w_0.webp\" type=\"image\/webp\" media=\"(min-width: 320.1px) and (max-width: 640px)\" \/><source srcset=\"https:\/\/estaticos-cdn.prensaiberica.es\/clip\/804211e4-31f2-4fce-aa59-d503fa25fa09_16-9-discover-aspect-ratio_320w_0.webp\" type=\"image\/webp\" media=\"(max-width: 320px)\" \/><source srcset=\"https:\/\/estaticos-cdn.prensaiberica.es\/clip\/804211e4-31f2-4fce-aa59-d503fa25fa09_16-9-discover-aspect-ratio_default_0.jpg\" type=\"image\/jpeg\" media=\"(min-width:640.1px)\" \/><source srcset=\"https:\/\/estaticos-cdn.prensaiberica.es\/clip\/804211e4-31f2-4fce-aa59-d503fa25fa09_16-9-discover-aspect-ratio_640w_0.jpg\" type=\"image\/jpeg\" media=\"(min-width: 320.1px) and (max-width: 640px)\" \/><source srcset=\"https:\/\/estaticos-cdn.prensaiberica.es\/clip\/804211e4-31f2-4fce-aa59-d503fa25fa09_16-9-discover-aspect-ratio_320w_0.jpg\" type=\"image\/jpeg\" media=\"(max-width: 320px)\" \/><img loading=\"lazy\" decoding=\"async\" class=\"ft-helper-img-rd\" src=\"https:\/\/estaticos-cdn.prensaiberica.es\/clip\/804211e4-31f2-4fce-aa59-d503fa25fa09_16-9-discover-aspect-ratio_default_0.jpg\" alt=\"El grupo de becarios y organizadores del intercambio.\" width=\"1200\" height=\"675\" \/><\/picture><figcaption>\n<p class=\"ft-helper-fontColor-quaternary ft-helper-fontSize-body-S ft-helper-spacer-t-xxs\">El grupo de becarios y organizadores del intercambio.\u00a0<span class=\"ft-helper-fontWeight-800 ft-helper-text-transform-uppercase\">\/ LLOREN\u00c7 RIERA<\/span><\/p>\n<\/figcaption><\/figure>\n<div class=\"ft-mol-writer ft-mol-writer--side ft-mol-writer--sideHasimage\">\n<div class=\"ft-mol-writer__item\">\n<p><img loading=\"lazy\" decoding=\"async\" class=\"ft-mol-writer__image ft-helper-img-rd\" src=\"https:\/\/estaticos-cdn.prensaiberica.es\/clip\/29898073-6342-4918-829d-d83011fdf39d_source-aspect-ratio_default_0.jpg\" alt=\"Lloren\u00e7 Riera\" width=\"60\" height=\"60\" \/><\/p>\n<div class=\"ft-mol-writer__title\">\n<p class=\"ft-mol-writer__titleOpinion ft-helper-fontColor-primary ft-helper-fontSize-body-L--small\"><a class=\"ft-link ft-helper-fontColor-primary\" title=\"Lloren\u00e7 Riera\" href=\"https:\/\/www.diariodemallorca.es\/autores\/llorenc-riera.html\">Lloren\u00e7 Riera<\/a><\/p>\n<div class=\"ft-date\"><time class=\"ft-date__text\" datetime=\"2024-06-24T07:35:00+02:00\"><span class=\"ft-helper-fontWeight-800\">Petra<\/span>\u00a024 JUN 2024 7:35<\/time>\u00a0<time class=\"ft-date__text\" datetime=\"2024-06-24T07:35:07+02:00\">Actualizada 24 JUN 2024 7:35<\/time><\/div>\n<\/div>\n<\/div>\n<\/div>\n<div class=\"ft-layout-grid-flex__nested ft-layout-grid-flex__nestedGutter-0\">\n<div class=\"ft-layout-grid-flex__colXs-12 ft-layout-grid-flex__colSm-11\">\n<p class=\"ft-text\">La\u00a0<strong>Fundaci\u00f3n Casa Serra<\/strong>\u00a0y el<strong>\u00a0Rotary Club Mallorca<\/strong>\u00a0desarrollan estos d\u00edas un nuevo\u00a0<strong>programa de becarios<\/strong>. A trav\u00e9s de \u00e9l,\u00a0<strong>una decena de j\u00f3venes procedentes de M\u00e9xico y Estados Unidos, en su mayor\u00eda de la\u00a0<\/strong>Baja California, tienen oportunidad de descubrir en primera persona los\u00a0<strong>or\u00edgenes y la tierra natal de Sant Jun\u00edper Serra<\/strong>. Se trata de un amplio abanico de actividades, a modo de curso intensivo, en el que se equilibran las\u00a0<strong>sesiones de car\u00e1cter formativo y pr\u00e1ctico<\/strong>\u00a0con las\u00a0<strong>l\u00fadicas<\/strong>.<\/p>\n<p class=\"ft-text\">Los becados son\u00a0<strong>estudiantes o graduados universitarios<\/strong>\u00a0que han formalizado su participaci\u00f3n y desplazamiento a\u00a0<strong>Mallorca\u00a0<\/strong>a trav\u00e9s de las<strong>\u00a0asociaciones rotarias de su zona de residencia<\/strong>. En los d\u00edas de estancia en\u00a0<strong>Petra\u00a0<\/strong>residen en una\u00a0<strong>casa vacacional\u00a0<\/strong>situada en la misma<strong>\u00a0plaza del Pare Serra<\/strong>. La Fundaci\u00f3n Casa Serra y el Rotary Club Mallorca desarrollan esta iniciativa conjunta desde hace una d\u00e9cada. Solo ha sido interrumpida en tiempos de\u00a0<strong>pandemia\u00a0<\/strong>y desde el principio en ella se han implicado por igual el resto de clubs rotarios de la isla y ha contado con el<strong>\u00a0soporte de instituciones locales y religiosas de Petra y Palma.<\/strong><\/p>\n<figure class=\"ft-img\"><picture><source srcset=\"https:\/\/estaticos-cdn.prensaiberica.es\/clip\/0910e3c7-5152-4e7a-ba83-a2386cf9ea5b_source-aspect-ratio_default_0.webp\" type=\"image\/webp\" media=\"(min-width:640.1px)\" \/><source srcset=\"https:\/\/estaticos-cdn.prensaiberica.es\/clip\/0910e3c7-5152-4e7a-ba83-a2386cf9ea5b_source-aspect-ratio_640w_0.webp\" type=\"image\/webp\" media=\"(min-width: 320.1px) and (max-width: 640px)\" \/><source srcset=\"https:\/\/estaticos-cdn.prensaiberica.es\/clip\/0910e3c7-5152-4e7a-ba83-a2386cf9ea5b_source-aspect-ratio_320w_0.webp\" type=\"image\/webp\" media=\"(max-width: 320px)\" \/><source srcset=\"https:\/\/estaticos-cdn.prensaiberica.es\/clip\/0910e3c7-5152-4e7a-ba83-a2386cf9ea5b_source-aspect-ratio_default_0.jpg\" type=\"image\/jpeg\" media=\"(min-width:640.1px)\" \/><source srcset=\"https:\/\/estaticos-cdn.prensaiberica.es\/clip\/0910e3c7-5152-4e7a-ba83-a2386cf9ea5b_source-aspect-ratio_640w_0.jpg\" type=\"image\/jpeg\" media=\"(min-width: 320.1px) and (max-width: 640px)\" \/><source srcset=\"https:\/\/estaticos-cdn.prensaiberica.es\/clip\/0910e3c7-5152-4e7a-ba83-a2386cf9ea5b_source-aspect-ratio_320w_0.jpg\" type=\"image\/jpeg\" media=\"(max-width: 320px)\" \/><img loading=\"lazy\" decoding=\"async\" class=\"ft-helper-img-rd\" src=\"https:\/\/estaticos-cdn.prensaiberica.es\/clip\/0910e3c7-5152-4e7a-ba83-a2386cf9ea5b_alta-libre-aspect-ratio_default_0.jpg\" alt=\"Los estudiantes han conocido los escenarios vinculados al evangelizador de California.\" width=\"1200\" height=\"900\" \/><\/picture><figcaption>\n<p class=\"ft-helper-fontColor-quaternary ft-helper-fontSize-body-S ft-helper-spacer-t-xxs\">Los estudiantes han conocido los escenarios vinculados al evangelizador de California.\u00a0<span class=\"ft-helper-fontWeight-800 ft-helper-text-transform-uppercase\">\/ LLOREN\u00c7 RIERA<\/span><\/p>\n<\/figcaption><\/figure>\n<p class=\"ft-text\"><strong>Catalina Font Gomila<\/strong>, presidenta de la\u00a0<strong>Asociaci\u00f3n de Amigos de Sant Jun\u00edper Serra<\/strong>, es la coordinadora de este programa de becarios. Ella tambi\u00e9n les ha impartido algunas de las sesiones formativas, una tarea de la que igualmente han sido docentes\u00a0<strong>el historiador y profesor de la UIB, Antoni Picazo y el guardi\u00e1n del convento de Sant Bernad\u00ed de Petra, fray Carlos Enrique D\u00edaz Urbina<\/strong>. La biograf\u00eda del\u00a0<strong>evangelizador de California,<\/strong>\u00a0el contexto hist\u00f3rico en el que realiz\u00f3 su obra y la realidad de los enclaves mallorquines en los que se form\u00f3 han sido los aspectos en los que se ha hecho especial hincapi\u00e9 este a\u00f1o. Los becarios han ocupado tambi\u00e9n buena parte de su tiempo en\u00a0<strong>visitar los enclaves religiosos mallorquines,\u00a0<\/strong>tanto de Petra como de Palma, en los que habit\u00f3 y se form\u00f3 el\u00a0<strong>misionero<\/strong>.<\/p>\n<div class=\"_mo_recs_tpi\" data-recs=\"3\">\n<div class=\"ft-mol-relatedSlider\">\n<h4 class=\"ft-mol-relatedSlider__header\">Los promotores de estas actividades, tras un d\u00e9cada de experiencia, sostienen que arroja unos resultados claramente <strong>positivos<\/strong>. Sirve para\u00a0<strong>ahondar en el conocimiento y proyecci\u00f3n de la presencia hist\u00f3rica de los espa\u00f1oles en M\u00e9xico y California<\/strong>. Entre los becarios, vistas sus impresiones en el momento de recoger los diplomas acreditativos de su participaci\u00f3n, en un acto en\u00a0<strong>Sant Bernad\u00ed de Petra,<\/strong>\u00a0tambi\u00e9n abunda un clima de clara\u00a0<strong>satisfacci\u00f3n<\/strong>.<\/h4>\n<\/div>\n<\/div>\n<div class=\"ft-mol-tagsNews\" data-gtm-vis-recent-on-screen13575534_1111=\"9761\" data-gtm-vis-first-on-screen13575534_1111=\"9761\" data-gtm-vis-total-visible-time13575534_1111=\"100\" data-gtm-vis-has-fired13575534_1111=\"1\" data-gtm-vis-recent-on-screen13575534_1137=\"9806\" data-gtm-vis-first-on-screen13575534_1137=\"9806\" data-gtm-vis-total-visible-time13575534_1137=\"100\" data-gtm-vis-has-fired13575534_1137=\"1\"><\/div>\n<\/div>\n<\/div>\n<\/div>\n<p>&nbsp;<\/p>\n","protected":false},"excerpt":{"rendered":"<p>https:\/\/www.diariodemallorca.es\/part-forana\/2024\/06\/24\/jovenes-americanos-aproximan-obra-juniper-104181677.html &nbsp; J\u00f3venes americanos se aproximan a la obra de Jun\u00edper Serra Los estudiantes, procedentes de California, han llevado a cabo numerosas actividades formativas y pr\u00e1cticas relacionadas con la figura del evangelizador El grupo de becarios y organizadores del intercambio.\u00a0\/ LLOREN\u00c7 RIERA Lloren\u00e7 Riera Petra\u00a024 JUN 2024 7:35\u00a0Actualizada 24 JUN 2024 7:35 La\u00a0Fundaci\u00f3n Casa Serra\u00a0y<\/p>\n","protected":false},"author":2,"featured_media":0,"comment_status":"closed","ping_status":"closed","sticky":false,"template":"","format":"standard","meta":{"footnotes":""},"categories":[657],"tags":[],"class_list":["post-8466","post","type-post","status-publish","format-standard","hentry","category-noticias","prodpage-classic"],"_links":{"self":[{"href":"https:\/\/www.fundacioncasaserra.org\/fcs\/wp-json\/wp\/v2\/posts\/8466","targetHints":{"allow":["GET"]}}],"collection":[{"href":"https:\/\/www.fundacioncasaserra.org\/fcs\/wp-json\/wp\/v2\/posts"}],"about":[{"href":"https:\/\/www.fundacioncasaserra.org\/fcs\/wp-json\/wp\/v2\/types\/post"}],"author":[{"embeddable":true,"href":"https:\/\/www.fundacioncasaserra.org\/fcs\/wp-json\/wp\/v2\/users\/2"}],"replies":[{"embeddable":true,"href":"https:\/\/www.fundacioncasaserra.org\/fcs\/wp-json\/wp\/v2\/comments?post=8466"}],"version-history":[{"count":6,"href":"https:\/\/www.fundacioncasaserra.org\/fcs\/wp-json\/wp\/v2\/posts\/8466\/revisions"}],"predecessor-version":[{"id":8472,"href":"https:\/\/www.fundacioncasaserra.org\/fcs\/wp-json\/wp\/v2\/posts\/8466\/revisions\/8472"}],"wp:attachment":[{"href":"https:\/\/www.fundacioncasaserra.org\/fcs\/wp-json\/wp\/v2\/media?parent=8466"}],"wp:term":[{"taxonomy":"category","embeddable":true,"href":"https:\/\/www.fundacioncasaserra.org\/fcs\/wp-json\/wp\/v2\/categories?post=8466"},{"taxonomy":"post_tag","embeddable":true,"href":"https:\/\/www.fundacioncasaserra.org\/fcs\/wp-json\/wp\/v2\/tags?post=8466"}],"curies":[{"name":"wp","href":"https:\/\/api.w.org\/{rel}","templated":true}]}}