{"id":8461,"date":"2024-06-19T15:31:40","date_gmt":"2024-06-19T15:31:40","guid":{"rendered":"https:\/\/www.fundacioncasaserra.org\/fcs\/?p=8461"},"modified":"2024-07-15T15:34:51","modified_gmt":"2024-07-15T15:34:51","slug":"los-becarios-en-ultima-hora","status":"publish","type":"post","link":"https:\/\/www.fundacioncasaserra.org\/fcs\/los-becarios-en-ultima-hora\/","title":{"rendered":"18 de Junio 24: Los Becarios en Ultima HORA"},"content":{"rendered":"<p><a href=\"https:\/\/www.ultimahora.es\/noticias\/part-forana\/2024\/06\/18\/2186375\/historia-california-pla-para-profundizar-pare-serra.html\">https:\/\/www.ultimahora.es\/noticias\/part-forana\/2024\/06\/18\/2186375\/historia-california-pla-para-profundizar-pare-serra.html<\/a><\/p>\n<div class=\"post-intro\">\n<div class=\"row\">\n<div class=\"col\">\n<h1 class=\"news-heading\">De California al Pla para profundizar en el Pare Serra<\/h1>\n<h2 class=\"post-subtitle\">El Fundaci\u00f3 Casa Serra acoge becarios americanos para dar a conocer al santo<\/h2>\n<\/div>\n<\/div>\n<\/div>\n<div class=\"row\">\n<div class=\"post-content col-lg-8\">\n<div class=\"post-head\">\n<div class=\"post-img full-width-xs ads-top-after\">\n<div class=\"row no-gutters\">\n<div class=\"col-sm-12\">\n<div class=\"featured-img-container\">\n<figure class=\"position-relative mb-0\"><picture><source srcset=\"https:\/\/uh.gsstatic.es\/sfAttachPlugin\/getCachedContent\/id\/2883855\/width\/730\/height\/500\/crop\/1\" media=\"(min-width: 445px)\" \/><img decoding=\"async\" class=\"img-fluid d-block m-auto no-lazyload featured-img w-100 show-modal\" src=\"https:\/\/uh.gsstatic.es\/sfAttachPlugin\/getCachedContent\/id\/2883855\/width\/425\/height\/284\/crop\/1\" alt=\"Los estudiantes junto a Emilio Mart\u00ednez\u2013Almoyna y Catalina Font.\" data-full-src=\"https:\/\/uh.gsstatic.es\/sfAttachPlugin\/2883855.jpg\" data-full-dimensions=\"{&quot;width&quot;:1600,&quot;height&quot;:1200}\" \/><\/picture><\/figure>\n<\/div>\n<p class=\"img-description\">Los estudiantes junto a Emilio Mart\u00ednez\u2013Almoyna y Catalina Font.<\/p>\n<\/div>\n<\/div>\n<\/div>\n<div class=\"post-info full-width-xs\">\n<div class=\"row no-gutters\">\n<div class=\"col text-center\"><span class=\"authors\"><a class=\"post-author\" href=\"https:\/\/www.ultimahora.es\/autor\/cati-amores.html\">Cati Amores \u00a0 \u00a0 \u00a0 \u00a0<\/a><\/span><span class=\"post-location\">Petra<\/span><span class=\"post-date\">18\/06\/24 0:30<\/span><\/div>\n<\/div>\n<\/div>\n<div class=\"post-share with-bg full-width-xs d-print-none\">\n<div class=\"row no-gutters\"><\/div>\n<\/div>\n<\/div>\n<div id=\"post-text\" class=\"post-text mrf-article-body\">\n<div class=\"row\">\n<div class=\"col\">\n<p>Nathalia Mariel Gonzalez, Aileen S\u00e1nchez, H\u00e9ctor Torres, Emilio Brizuela, Jos\u00e9 Alfredo Padilla, Eric De Haas, Jairo Ch\u00e1vez y Conrad Lameli son los<strong>\u00a0ocho estudiantes americanos<\/strong>\u00a0que este a\u00f1o participan en el proyecto\u00a0<strong>becarios<\/strong>\u00a0impulsado por el\u00a0<strong>Rotary Club Mallorca<\/strong>\u00a0y la<strong>\u00a0Fundaci\u00f3 Casa Serra<\/strong>. Esta iniciativa, que este 2024 celebra su\u00a0<strong>d\u00e9cimo aniversario<\/strong>, tiene por objetivo dar a conocer la figura de\u00a0<strong>Jun\u00edper Serra<\/strong>, especialmente, en aquellos lugares que evangeliz\u00f3.<\/p>\n<div id=\"post-text-hidden\" class=\"prometeo-hideable\">\n<p>Los estudiantes, llegados de las dos regiones de\u00a0<strong><a href=\"https:\/\/www.ultimahora.es\/etiqueta\/California.html?utm_source=Inline-tag&amp;utm_medium=internal\">California<\/a><\/strong>, la norte, americana, y la sud, mejicana, llegaron el pasado domingo a\u00a0<a href=\"https:\/\/www.ultimahora.es\/etiqueta\/Petra.html?utm_source=Inline-tag&amp;utm_medium=internal\">Petra<\/a>, lugar de nacimiento del\u00a0<a href=\"https:\/\/www.ultimahora.es\/etiqueta\/Pare+Serra.html?utm_source=Inline-tag&amp;utm_medium=internal\">Pare Serra<\/a>. Ayer fueron recibidos por el\u00a0<strong>comit\u00e9 organizador<\/strong>\u00a0del programa del Club Rotary de Mallorca,\u00a0<strong>Emilio Mart\u00ednez\u2013Almoyna<\/strong>,\u00a0<strong>Bernardo Feliu<\/strong>\u00a0y\u00a0<strong>Catalina Font<\/strong>. Los becarios pasar\u00e1n un total de\u00a0<strong>15 d\u00edas<\/strong>\u00a0en la Isla descubriendo al Pare Serra y su legado. Hasta once Rotary Clubs colaboran en esta iniciativa.<\/p>\n<p><img loading=\"lazy\" decoding=\"async\" class=\"show-modal\" src=\"https:\/\/uh.gsstatic.es\/sfAttachPlugin\/2883861.jpg\" alt=\"\" width=\"1600\" height=\"1200\" border=\"0\" \/><\/p>\n<div id=\"intext\" class=\"henneoHB henneoHB-intext\" data-google-query-id=\"CJGGydGuqYcDFTBApAQdKA8Jgw\">\n<div id=\"google_ads_iframe_\/34616581,29015917\/gs-ultimahora\/noticias\/noticia\/intext_0__container__\">Uno de los organizadores, Mart\u00ednez-Almoyna, explic\u00f3 que el programa naci\u00f3 \u00abde los mismos estatutos de la Fundaci\u00f3 en los que se recoge la obligaci\u00f3n de <strong>promover<\/strong>\u00a0el conocimiento y la visita a la casa del Pare Serra m\u00e1s all\u00e1 de Mallorca\u00bb. En este sentido, se\u00f1al\u00f3 que \u00aben vez de enviar libros pusimos en marcha este proyecto, pues una experiencia vivida en primera persona<strong>\u00a0se recuerda mucho m\u00e1s<\/strong>\u00bb. Cabe destacar, que fue durante la presidencia de Emilio Mart\u00ednez-Almoyna frente al Rotary Club de Mallorca que se puso en marcha esta iniciativa. La primera semana ser\u00e1 m\u00e1s formativa de la mano de\u00a0<strong>Catalina Font<\/strong>, presidenta tambi\u00e9n del Museo en honor al santo. Sin embargo, la propuesta tambi\u00e9n incluye\u00a0<strong>salidas<\/strong>\u00a0a diferentes lugares emblem\u00e1ticos de la Isla como las Coves del Drach, Valldemossa o el castillo de San Carlos entre muchas otras ubicaciones.<\/div>\n<\/div>\n<p>Los ocho estudiantes se mostraron \u00ab<strong>emocionados<\/strong>\u00bb por poder vivir esta experiencia de la que esperan \u00abconocer la historia de Jun\u00edper Serra, entender el\u00a0<strong>impacto<\/strong>\u00a0enorme que tiene en nuestro estado y llevarnos sabidur\u00eda sobre una<strong>\u00a0cultura<\/strong>\u00a0tan diferente y a la vez tan similar a la nuestra\u00bb. Todos coincidieron en se\u00f1alar la importancia de la figura del Pare Serra \u00aben nuestra historia\u00bb por lo que \u00abno hay mejor lugar para conocer todo esto que en el origen de todo, el lugar que lo vio nacer\u00bb.<\/p>\n<div class=\"teads-inread sm-screen\">\n<div class=\"teads-ui-components-adchoices\"><\/div>\n<div id=\"teads1\" class=\"teads-player\"><img loading=\"lazy\" decoding=\"async\" class=\"show-modal\" src=\"https:\/\/uh.gsstatic.es\/sfAttachPlugin\/2883859.jpg\" alt=\"\" width=\"1600\" height=\"1200\" border=\"0\" \/><\/div>\n<\/div>\n<p>El\u00a0<strong>pr\u00f3ximo viernes<\/strong>\u00a0se celebrar\u00e1 en el convento de<strong>\u00a0San Bernardino<\/strong>\u00a0de la localidad la presentaci\u00f3n oficial de los becarios de este a\u00f1o. Despu\u00e9s, continuar\u00e1n su estancia en la Isla en Palma donde podr\u00e1n seguir conociendo m\u00e1s sobre la historia de Mallorca y del Pare Serra.<\/p>\n<p>Con los ocho becarios de este 2024,\u00a0<strong>64 alumnos<\/strong>\u00a0habr\u00e1n pasado ya por este programa.<\/p>\n<\/div>\n<\/div>\n<\/div>\n<\/div>\n<\/div>\n<\/div>\n<p>&nbsp;<\/p>\n","protected":false},"excerpt":{"rendered":"<p>https:\/\/www.ultimahora.es\/noticias\/part-forana\/2024\/06\/18\/2186375\/historia-california-pla-para-profundizar-pare-serra.html De California al Pla para profundizar en el Pare Serra El Fundaci\u00f3 Casa Serra acoge becarios americanos para dar a conocer al santo Los estudiantes junto a Emilio Mart\u00ednez\u2013Almoyna y Catalina Font. Cati Amores \u00a0 \u00a0 \u00a0 \u00a0Petra18\/06\/24 0:30 Nathalia Mariel Gonzalez, Aileen S\u00e1nchez, H\u00e9ctor Torres, Emilio Brizuela, Jos\u00e9 Alfredo Padilla, Eric De Haas,<\/p>\n","protected":false},"author":2,"featured_media":0,"comment_status":"closed","ping_status":"closed","sticky":false,"template":"","format":"standard","meta":{"footnotes":""},"categories":[657],"tags":[],"class_list":["post-8461","post","type-post","status-publish","format-standard","hentry","category-noticias","prodpage-classic"],"_links":{"self":[{"href":"https:\/\/www.fundacioncasaserra.org\/fcs\/wp-json\/wp\/v2\/posts\/8461","targetHints":{"allow":["GET"]}}],"collection":[{"href":"https:\/\/www.fundacioncasaserra.org\/fcs\/wp-json\/wp\/v2\/posts"}],"about":[{"href":"https:\/\/www.fundacioncasaserra.org\/fcs\/wp-json\/wp\/v2\/types\/post"}],"author":[{"embeddable":true,"href":"https:\/\/www.fundacioncasaserra.org\/fcs\/wp-json\/wp\/v2\/users\/2"}],"replies":[{"embeddable":true,"href":"https:\/\/www.fundacioncasaserra.org\/fcs\/wp-json\/wp\/v2\/comments?post=8461"}],"version-history":[{"count":4,"href":"https:\/\/www.fundacioncasaserra.org\/fcs\/wp-json\/wp\/v2\/posts\/8461\/revisions"}],"predecessor-version":[{"id":8465,"href":"https:\/\/www.fundacioncasaserra.org\/fcs\/wp-json\/wp\/v2\/posts\/8461\/revisions\/8465"}],"wp:attachment":[{"href":"https:\/\/www.fundacioncasaserra.org\/fcs\/wp-json\/wp\/v2\/media?parent=8461"}],"wp:term":[{"taxonomy":"category","embeddable":true,"href":"https:\/\/www.fundacioncasaserra.org\/fcs\/wp-json\/wp\/v2\/categories?post=8461"},{"taxonomy":"post_tag","embeddable":true,"href":"https:\/\/www.fundacioncasaserra.org\/fcs\/wp-json\/wp\/v2\/tags?post=8461"}],"curies":[{"name":"wp","href":"https:\/\/api.w.org\/{rel}","templated":true}]}}