{"id":8457,"date":"2024-07-13T06:48:07","date_gmt":"2024-07-13T06:48:07","guid":{"rendered":"https:\/\/www.fundacioncasaserra.org\/fcs\/?p=8457"},"modified":"2024-09-20T08:57:46","modified_gmt":"2024-09-20T08:57:46","slug":"entrevista-a-catalina-font","status":"publish","type":"post","link":"https:\/\/www.fundacioncasaserra.org\/fcs\/entrevista-a-catalina-font\/","title":{"rendered":"Entrevista a Catalina Font"},"content":{"rendered":"<p><strong>Catalina Font: \u00abNos acercamos a los estudiantes con una oferta multidisciplinar\u00bb<\/strong><\/p>\n<p>El museo del Pare Serra, en Petra, tiene un amplio fondo y desde la asociaci\u00f3n impulsan m\u00faltiples actividades para difundir todo el legado del Santo<\/p>\n<p><img loading=\"lazy\" decoding=\"async\" class=\"\" src=\"https:\/\/uh.gsstatic.es\/sfAttachPlugin\/2882695.jpg\" width=\"438\" height=\"584\" \/><\/p>\n<p><span style=\"font-family: arial, helvetica, sans-serif; font-size: 10px;\">La presidenta Catalina Font, en el museo dedicado al Pare Serra.<\/span><\/p>\n<p><a href=\"https:\/\/www.ultimahora.es\/autor\/assumpta-bassa.html\"><strong>Assumpta Bassa \u00a0<\/strong><\/a>Petra17\/06\/24 0:30<\/p>\n<p>Se siente una \u00abprivilegiada\u00bb.<strong>\u00a0Catalina Font Gomila (<\/strong><a href=\"https:\/\/www.ultimahora.es\/etiqueta\/Petra.html?utm_source=Inline-tag&amp;utm_medium=internal\"><strong>Petra<\/strong><\/a><strong>, 1957)<\/strong>\u00a0tom\u00f3 el relevo de Tummy Bestard en la presidencia de la asociaci\u00f3n \u00abAmigos de Fray Jun\u00edpero Serra\u00bb. Hace muchos a\u00f1os que se mueve entre las paredes del\u00a0<a href=\"https:\/\/www.ultimahora.es\/etiqueta\/museo.html?utm_source=Inline-tag&amp;utm_medium=internal\">museo<\/a>\u00a0que acoge, en Petra, el legado del\u00a0<a href=\"https:\/\/www.ultimahora.es\/etiqueta\/Pare+Serra.html?utm_source=Inline-tag&amp;utm_medium=internal\">Pare Serra<\/a>\u00a0y se desvive para darlo a conocer. Su objetivo es difundir toda la herencia del Santo y acercarlo a los m\u00e1s j\u00f3venes.<\/p>\n<p><strong>\u00bfC\u00f3mo es estar al frente del legado del Pare Serra?<\/strong><br \/>\n\u2014Para mi es un honor y un privilegio.Asum\u00ed la presidencia en 2021 cuando Tummy Bestard se jubil\u00f3, aunque sigue siendo presidente honorario, pero estoy aqu\u00ed desde 1998. Ha sido un gran maestro. He conocido cuatro presidentes y yo dir\u00eda que continuo con la estela juniperia marcada y adaptada a las exigencias que hoy en d\u00eda requiere esta labor. Cada uno de los presidentes ha dejado su huella. El museo se fund\u00f3 en 1959.<\/p>\n<p><a href=\"https:\/\/www.thrombocid.com\/?utm_medium=OnlineVideo&amp;utm_source=Nexus&amp;utm_campaign=THROMBOCID_OLA1RITUALES&amp;utm_content=NexusTV_Preroll_LTVV_Rituales_10\">Learn more<\/a><\/p>\n<p><strong>\u00bfUsted cree que la figura del Pare Serra llega a todas partes?<\/strong><br \/>\n\u2014Lamentablemente no tiene todav\u00eda todo el reconocimiento que se merece y nuestro objetivo es darlo a conocer, difundir todo su legado, que la gente conozca todo lo que hizo en las misiones, llegar a todos los rincones, a los j\u00f3venes, a los mayores, a todo el mundo.<\/p>\n<p><strong>\u00bfCu\u00e1l es su propuesta?<\/strong><br \/>\n\u2014Tengo varios proyectos. Llevamos a cabos muchas actividades. Ahora ya me he empezado a moverme de cara al curso pr\u00f3ximo para acercar el Pare Serra a las escuelas con una oferta multidisciplinar enfocada a nivel hist\u00f3rico, de ingl\u00e9s, de geograf\u00eda. La idea es que los estudiantes puedan trabajar en las escuelas y posteriormente visiten el museo. Podemos adaptarlo a los diferentes cursos.<\/p>\n<p><strong>\u00bfCu\u00e1l es el perfil del visitante al museo?<\/strong><br \/>\n\u2014Tenemos residentes de la isla y tambi\u00e9n turistas. Hay una parte que no tiene ni idea y se acercan porque viene en los mapas o en las gu\u00edas y al conocer todo su legado quedan impresionados. Luego hay otros visitantes que vienen hasta aqu\u00ed admirados por su figura para conocer su casa pairal. Vienen de California, San Francisco, San Diego, Los \u00c1ngeles que conocen las misiones y que han le\u00eddo su biograf\u00eda.<\/p>\n<p><strong>Tambi\u00e9n tiene detractores&#8230;<\/strong><br \/>\n\u2014Hay que combatir la leyenda negra. Su vida y obra ha sido estudiada por muchos historiadores y desde la vertiente puramente cient\u00edfica, en referencia a la labor del franciscano destaca su respeto a la cultura nativa, la protecci\u00f3n contra el abuso de los militares a los nativos o su actuaci\u00f3n como intermediario entre los militares espa\u00f1oles y los indios.<\/p>\n<p><strong>\u00bfQue fondos tiene el museo?<\/strong><br \/>\n\u2014 A su entrada cuenta con un jard\u00edn con tres elementos fundamentales: el ginebr\u00f3 (por su nombre); la campana original del camino real y la palmera washingtoniana. En la planta baja hay dos salas: una de ellas con toda la documentaci\u00f3n de Petra y Palma hasta que deja Espa\u00f1a y una segunda sala con su estancia en M\u00e9xico con maquetas y fotograf\u00edas de las misiones que fund\u00f3. Tambi\u00e9n hay una exposici\u00f3n de todas las maquetas de las misiones que fund\u00f3 en California a partir de 1769. Contamos adem\u00e1s con detalles de su beatificaci\u00f3n y canonizaci\u00f3n. En el primer piso est\u00e1 el sal\u00f3n de actos con las misiones en California. El museo se ha ampliado con otras tres salas. Luego est\u00e1 la Casa Pairal, gestionada por la Fundaci\u00f3n Casa Serra de la que soy patrona secretaria.<\/p>\n<p><strong>Clinton no vino aunque hubo muchos rumores&#8230;<\/strong><br \/>\n\u2014Hubo mucha rumorolog\u00eda acerca que el presidente visitar\u00eda Petra y el museo pero al final no fue as\u00ed.<\/p>\n<p><strong>\u00bfC\u00f3mo recuerda la visita de los Reyes?<\/strong><br \/>\n\u2014Fue entra\u00f1able. Hay que agradecer que vinieran en tiempos de pandemia. Se interesaron por muchos detalles, fueron muy cercanos y conoc\u00edan muy bien la figura del Pare Serra.<\/p>\n<p><strong>Vivi\u00f3 una cita hist\u00f3rica con la canonizaci\u00f3n en 2015.<\/strong><br \/>\n\u2014Lo viv\u00ed de una manera muy intensa. Era como un sue\u00f1o, la santidad de su vida la hicieron oficial. All\u00ed me reencontr\u00e9 con profesores de universidad que hab\u00edan estado en el museo. Biden vino como vicepresidente y tuvo en sus manos la imagen de la Mare de D\u00e9u de Bonany que transportamos los mallorquines.<\/p>\n<p><strong>\u00bfCu\u00e1les son los pr\u00f3ximos eventos?<\/strong><br \/>\n\u2014Tenemos ahora los becarios: 4 procedentes de M\u00e9xico y otros 4 de California. Adem\u00e1s Mata Films est\u00e1 preparando el documental \u00abThe California Project\u00bb que cuenta la historia de Fra Juniper Serra y ya se han grabado im\u00e1genes en Petra. Hacemos difusi\u00f3n a trav\u00e9s de las redes sociales y tambi\u00e9n hemos empezado a llevar la vida del Pare Serra a los centros de d\u00eda y nos acercaremos a los j\u00f3venes.<\/p>\n<p><a href=\"https:\/\/www.ultimahora.es\/noticias\/part-forana\/2024\/06\/17\/2185753\/petra-entrevista-catalina-font-gomila.html\">https:\/\/www.ultimahora.es\/noticias\/part-forana\/2024\/06\/17\/2185753\/petra-entrevista-catalina-font-gomila.html<\/a><\/p>\n","protected":false},"excerpt":{"rendered":"<p>Catalina Font: \u00abNos acercamos a los estudiantes con una oferta multidisciplinar\u00bb El museo del Pare Serra, en Petra, tiene un amplio fondo y desde la asociaci\u00f3n impulsan m\u00faltiples actividades para difundir todo el legado del Santo La presidenta Catalina Font, en el museo dedicado al Pare Serra. Assumpta Bassa \u00a0Petra17\/06\/24 0:30 Se siente una \u00abprivilegiada\u00bb.\u00a0Catalina<\/p>\n","protected":false},"author":2,"featured_media":0,"comment_status":"closed","ping_status":"closed","sticky":false,"template":"","format":"standard","meta":{"footnotes":""},"categories":[657],"tags":[],"class_list":["post-8457","post","type-post","status-publish","format-standard","hentry","category-noticias","prodpage-classic"],"_links":{"self":[{"href":"https:\/\/www.fundacioncasaserra.org\/fcs\/wp-json\/wp\/v2\/posts\/8457","targetHints":{"allow":["GET"]}}],"collection":[{"href":"https:\/\/www.fundacioncasaserra.org\/fcs\/wp-json\/wp\/v2\/posts"}],"about":[{"href":"https:\/\/www.fundacioncasaserra.org\/fcs\/wp-json\/wp\/v2\/types\/post"}],"author":[{"embeddable":true,"href":"https:\/\/www.fundacioncasaserra.org\/fcs\/wp-json\/wp\/v2\/users\/2"}],"replies":[{"embeddable":true,"href":"https:\/\/www.fundacioncasaserra.org\/fcs\/wp-json\/wp\/v2\/comments?post=8457"}],"version-history":[{"count":2,"href":"https:\/\/www.fundacioncasaserra.org\/fcs\/wp-json\/wp\/v2\/posts\/8457\/revisions"}],"predecessor-version":[{"id":8459,"href":"https:\/\/www.fundacioncasaserra.org\/fcs\/wp-json\/wp\/v2\/posts\/8457\/revisions\/8459"}],"wp:attachment":[{"href":"https:\/\/www.fundacioncasaserra.org\/fcs\/wp-json\/wp\/v2\/media?parent=8457"}],"wp:term":[{"taxonomy":"category","embeddable":true,"href":"https:\/\/www.fundacioncasaserra.org\/fcs\/wp-json\/wp\/v2\/categories?post=8457"},{"taxonomy":"post_tag","embeddable":true,"href":"https:\/\/www.fundacioncasaserra.org\/fcs\/wp-json\/wp\/v2\/tags?post=8457"}],"curies":[{"name":"wp","href":"https:\/\/api.w.org\/{rel}","templated":true}]}}