{"id":7926,"date":"2023-06-02T08:25:32","date_gmt":"2023-06-02T08:25:32","guid":{"rendered":"https:\/\/www.fundacioncasaserra.org\/fcs\/?p=7926"},"modified":"2023-06-26T06:16:50","modified_gmt":"2023-06-26T06:16:50","slug":"visita-de-amigas-del-padre-serra-a-la-casa-el-museo-y-el-convento","status":"publish","type":"post","link":"https:\/\/www.fundacioncasaserra.org\/fcs\/visita-de-amigas-del-padre-serra-a-la-casa-el-museo-y-el-convento\/","title":{"rendered":"Visita de amigas del Padre Serra a la Casa , el Museo y el Convento"},"content":{"rendered":"<p>Con Catalina Serra Presidenta del Museu y Patron de la Fundaci\u00f3n Casa Serra, y Mar\u00eda, junto a un grupo de amigas de Argentina visit\u00f3 la Casa solariega y el Museo de San Jun\u00edpero Serra, finalmente visitaron el Convento de San Bernardino.<\/p>\n<p><img loading=\"lazy\" decoding=\"async\" class=\"alignnone size-full wp-image-7927\" src=\"https:\/\/www.fundacioncasaserra.org\/fcs\/wp-content\/uploads\/2023\/06\/PHOTO-2023-05-13-22-39-19.jpg\" alt=\"\" width=\"576\" height=\"1024\" srcset=\"https:\/\/www.fundacioncasaserra.org\/fcs\/wp-content\/uploads\/2023\/06\/PHOTO-2023-05-13-22-39-19.jpg 576w, https:\/\/www.fundacioncasaserra.org\/fcs\/wp-content\/uploads\/2023\/06\/PHOTO-2023-05-13-22-39-19-169x300.jpg 169w, https:\/\/www.fundacioncasaserra.org\/fcs\/wp-content\/uploads\/2023\/06\/PHOTO-2023-05-13-22-39-19-105x187.jpg 105w\" sizes=\"auto, (max-width: 576px) 100vw, 576px\" \/> <img loading=\"lazy\" decoding=\"async\" class=\"alignnone size-large wp-image-7928\" src=\"https:\/\/www.fundacioncasaserra.org\/fcs\/wp-content\/uploads\/2023\/06\/PHOTO-2023-05-13-22-39-19b.jpg\" alt=\"\" width=\"576\" height=\"1024\" srcset=\"https:\/\/www.fundacioncasaserra.org\/fcs\/wp-content\/uploads\/2023\/06\/PHOTO-2023-05-13-22-39-19b.jpg 576w, https:\/\/www.fundacioncasaserra.org\/fcs\/wp-content\/uploads\/2023\/06\/PHOTO-2023-05-13-22-39-19b-169x300.jpg 169w, https:\/\/www.fundacioncasaserra.org\/fcs\/wp-content\/uploads\/2023\/06\/PHOTO-2023-05-13-22-39-19b-105x187.jpg 105w\" sizes=\"auto, (max-width: 576px) 100vw, 576px\" \/> <img loading=\"lazy\" decoding=\"async\" class=\"alignnone size-large wp-image-7929\" src=\"https:\/\/www.fundacioncasaserra.org\/fcs\/wp-content\/uploads\/2023\/06\/PHOTO-2023-05-13-22-39-19h.jpg\" alt=\"\" width=\"1024\" height=\"576\" srcset=\"https:\/\/www.fundacioncasaserra.org\/fcs\/wp-content\/uploads\/2023\/06\/PHOTO-2023-05-13-22-39-19h.jpg 1024w, https:\/\/www.fundacioncasaserra.org\/fcs\/wp-content\/uploads\/2023\/06\/PHOTO-2023-05-13-22-39-19h-300x169.jpg 300w, https:\/\/www.fundacioncasaserra.org\/fcs\/wp-content\/uploads\/2023\/06\/PHOTO-2023-05-13-22-39-19h-768x432.jpg 768w, https:\/\/www.fundacioncasaserra.org\/fcs\/wp-content\/uploads\/2023\/06\/PHOTO-2023-05-13-22-39-19h-280x158.jpg 280w, https:\/\/www.fundacioncasaserra.org\/fcs\/wp-content\/uploads\/2023\/06\/PHOTO-2023-05-13-22-39-19h-600x338.jpg 600w\" sizes=\"auto, (max-width: 1024px) 100vw, 1024px\" \/> <img loading=\"lazy\" decoding=\"async\" class=\"alignnone size-large wp-image-7930\" src=\"https:\/\/www.fundacioncasaserra.org\/fcs\/wp-content\/uploads\/2023\/06\/PHOTO-2023-05-13-22-50-23.jpg\" alt=\"\" width=\"576\" height=\"1024\" srcset=\"https:\/\/www.fundacioncasaserra.org\/fcs\/wp-content\/uploads\/2023\/06\/PHOTO-2023-05-13-22-50-23.jpg 576w, https:\/\/www.fundacioncasaserra.org\/fcs\/wp-content\/uploads\/2023\/06\/PHOTO-2023-05-13-22-50-23-169x300.jpg 169w, https:\/\/www.fundacioncasaserra.org\/fcs\/wp-content\/uploads\/2023\/06\/PHOTO-2023-05-13-22-50-23-105x187.jpg 105w\" sizes=\"auto, (max-width: 576px) 100vw, 576px\" \/><\/p>\n","protected":false},"excerpt":{"rendered":"<p>Con Catalina Serra Presidenta del Museu y Patron de la Fundaci\u00f3n Casa Serra, y Mar\u00eda, junto a un grupo de amigas de Argentina visit\u00f3 la Casa solariega y el Museo de San Jun\u00edpero Serra, finalmente visitaron el Convento de San Bernardino.<\/p>\n","protected":false},"author":4,"featured_media":0,"comment_status":"closed","ping_status":"closed","sticky":false,"template":"","format":"standard","meta":{"footnotes":""},"categories":[657],"tags":[],"class_list":["post-7926","post","type-post","status-publish","format-standard","hentry","category-noticias","prodpage-classic"],"_links":{"self":[{"href":"https:\/\/www.fundacioncasaserra.org\/fcs\/wp-json\/wp\/v2\/posts\/7926","targetHints":{"allow":["GET"]}}],"collection":[{"href":"https:\/\/www.fundacioncasaserra.org\/fcs\/wp-json\/wp\/v2\/posts"}],"about":[{"href":"https:\/\/www.fundacioncasaserra.org\/fcs\/wp-json\/wp\/v2\/types\/post"}],"author":[{"embeddable":true,"href":"https:\/\/www.fundacioncasaserra.org\/fcs\/wp-json\/wp\/v2\/users\/4"}],"replies":[{"embeddable":true,"href":"https:\/\/www.fundacioncasaserra.org\/fcs\/wp-json\/wp\/v2\/comments?post=7926"}],"version-history":[{"count":1,"href":"https:\/\/www.fundacioncasaserra.org\/fcs\/wp-json\/wp\/v2\/posts\/7926\/revisions"}],"predecessor-version":[{"id":7933,"href":"https:\/\/www.fundacioncasaserra.org\/fcs\/wp-json\/wp\/v2\/posts\/7926\/revisions\/7933"}],"wp:attachment":[{"href":"https:\/\/www.fundacioncasaserra.org\/fcs\/wp-json\/wp\/v2\/media?parent=7926"}],"wp:term":[{"taxonomy":"category","embeddable":true,"href":"https:\/\/www.fundacioncasaserra.org\/fcs\/wp-json\/wp\/v2\/categories?post=7926"},{"taxonomy":"post_tag","embeddable":true,"href":"https:\/\/www.fundacioncasaserra.org\/fcs\/wp-json\/wp\/v2\/tags?post=7926"}],"curies":[{"name":"wp","href":"https:\/\/api.w.org\/{rel}","templated":true}]}}