{"id":7915,"date":"2023-06-02T08:19:55","date_gmt":"2023-06-02T08:19:55","guid":{"rendered":"https:\/\/www.fundacioncasaserra.org\/fcs\/?p=7915"},"modified":"2023-06-02T08:19:55","modified_gmt":"2023-06-02T08:19:55","slug":"visita-de-un-grupo-de-americanos-de-california-a-petra","status":"publish","type":"post","link":"https:\/\/www.fundacioncasaserra.org\/fcs\/visita-de-un-grupo-de-americanos-de-california-a-petra\/","title":{"rendered":"Visita de un grupo de Americanos de California a Petra"},"content":{"rendered":"<p>Catalina Serra Presidenta del Museu y Patron de la Fundaci\u00f3n Casa Serra, visit\u00f3 con ellos la Casa solariega y el Museo de San Jun\u00edpero Serra, finalmente visitaron el Convento de San Bernardino.<\/p>\n<p><img loading=\"lazy\" decoding=\"async\" class=\"alignnone size-full wp-image-7916\" src=\"https:\/\/www.fundacioncasaserra.org\/fcs\/wp-content\/uploads\/2023\/06\/PHOTO-2023-05-13-22-42-27.jpg\" alt=\"\" width=\"1024\" height=\"576\" srcset=\"https:\/\/www.fundacioncasaserra.org\/fcs\/wp-content\/uploads\/2023\/06\/PHOTO-2023-05-13-22-42-27.jpg 1024w, https:\/\/www.fundacioncasaserra.org\/fcs\/wp-content\/uploads\/2023\/06\/PHOTO-2023-05-13-22-42-27-300x169.jpg 300w, https:\/\/www.fundacioncasaserra.org\/fcs\/wp-content\/uploads\/2023\/06\/PHOTO-2023-05-13-22-42-27-768x432.jpg 768w, https:\/\/www.fundacioncasaserra.org\/fcs\/wp-content\/uploads\/2023\/06\/PHOTO-2023-05-13-22-42-27-280x158.jpg 280w, https:\/\/www.fundacioncasaserra.org\/fcs\/wp-content\/uploads\/2023\/06\/PHOTO-2023-05-13-22-42-27-600x338.jpg 600w\" sizes=\"auto, (max-width: 1024px) 100vw, 1024px\" \/> <img loading=\"lazy\" decoding=\"async\" class=\"alignnone size-large wp-image-7917\" src=\"https:\/\/www.fundacioncasaserra.org\/fcs\/wp-content\/uploads\/2023\/06\/PHOTO-2023-05-13-22-42-27b.jpg\" alt=\"\" width=\"576\" height=\"1024\" srcset=\"https:\/\/www.fundacioncasaserra.org\/fcs\/wp-content\/uploads\/2023\/06\/PHOTO-2023-05-13-22-42-27b.jpg 576w, https:\/\/www.fundacioncasaserra.org\/fcs\/wp-content\/uploads\/2023\/06\/PHOTO-2023-05-13-22-42-27b-169x300.jpg 169w, https:\/\/www.fundacioncasaserra.org\/fcs\/wp-content\/uploads\/2023\/06\/PHOTO-2023-05-13-22-42-27b-105x187.jpg 105w\" sizes=\"auto, (max-width: 576px) 100vw, 576px\" \/> <img loading=\"lazy\" decoding=\"async\" class=\"alignnone size-large wp-image-7918\" src=\"https:\/\/www.fundacioncasaserra.org\/fcs\/wp-content\/uploads\/2023\/06\/PHOTO-2023-05-13-22-42-27bb.jpg\" alt=\"\" width=\"1024\" height=\"576\" srcset=\"https:\/\/www.fundacioncasaserra.org\/fcs\/wp-content\/uploads\/2023\/06\/PHOTO-2023-05-13-22-42-27bb.jpg 1024w, https:\/\/www.fundacioncasaserra.org\/fcs\/wp-content\/uploads\/2023\/06\/PHOTO-2023-05-13-22-42-27bb-300x169.jpg 300w, https:\/\/www.fundacioncasaserra.org\/fcs\/wp-content\/uploads\/2023\/06\/PHOTO-2023-05-13-22-42-27bb-768x432.jpg 768w, https:\/\/www.fundacioncasaserra.org\/fcs\/wp-content\/uploads\/2023\/06\/PHOTO-2023-05-13-22-42-27bb-280x158.jpg 280w, https:\/\/www.fundacioncasaserra.org\/fcs\/wp-content\/uploads\/2023\/06\/PHOTO-2023-05-13-22-42-27bb-600x338.jpg 600w\" sizes=\"auto, (max-width: 1024px) 100vw, 1024px\" \/> <img loading=\"lazy\" decoding=\"async\" class=\"alignnone size-large wp-image-7920\" src=\"https:\/\/www.fundacioncasaserra.org\/fcs\/wp-content\/uploads\/2023\/06\/PHOTO-2023-05-13-22-42-27e.jpg\" alt=\"\" width=\"1024\" height=\"576\" srcset=\"https:\/\/www.fundacioncasaserra.org\/fcs\/wp-content\/uploads\/2023\/06\/PHOTO-2023-05-13-22-42-27e.jpg 1024w, https:\/\/www.fundacioncasaserra.org\/fcs\/wp-content\/uploads\/2023\/06\/PHOTO-2023-05-13-22-42-27e-300x169.jpg 300w, https:\/\/www.fundacioncasaserra.org\/fcs\/wp-content\/uploads\/2023\/06\/PHOTO-2023-05-13-22-42-27e-768x432.jpg 768w, https:\/\/www.fundacioncasaserra.org\/fcs\/wp-content\/uploads\/2023\/06\/PHOTO-2023-05-13-22-42-27e-280x158.jpg 280w, https:\/\/www.fundacioncasaserra.org\/fcs\/wp-content\/uploads\/2023\/06\/PHOTO-2023-05-13-22-42-27e-600x338.jpg 600w\" sizes=\"auto, (max-width: 1024px) 100vw, 1024px\" \/> <img loading=\"lazy\" decoding=\"async\" class=\"alignnone size-large wp-image-7921\" src=\"https:\/\/www.fundacioncasaserra.org\/fcs\/wp-content\/uploads\/2023\/06\/PHOTO-2023-05-13-22-42-27k.jpg\" alt=\"\" width=\"1024\" height=\"576\" srcset=\"https:\/\/www.fundacioncasaserra.org\/fcs\/wp-content\/uploads\/2023\/06\/PHOTO-2023-05-13-22-42-27k.jpg 1024w, https:\/\/www.fundacioncasaserra.org\/fcs\/wp-content\/uploads\/2023\/06\/PHOTO-2023-05-13-22-42-27k-300x169.jpg 300w, https:\/\/www.fundacioncasaserra.org\/fcs\/wp-content\/uploads\/2023\/06\/PHOTO-2023-05-13-22-42-27k-768x432.jpg 768w, https:\/\/www.fundacioncasaserra.org\/fcs\/wp-content\/uploads\/2023\/06\/PHOTO-2023-05-13-22-42-27k-280x158.jpg 280w, https:\/\/www.fundacioncasaserra.org\/fcs\/wp-content\/uploads\/2023\/06\/PHOTO-2023-05-13-22-42-27k-600x338.jpg 600w\" sizes=\"auto, (max-width: 1024px) 100vw, 1024px\" \/> <img loading=\"lazy\" decoding=\"async\" class=\"alignnone size-large wp-image-7923\" src=\"https:\/\/www.fundacioncasaserra.org\/fcs\/wp-content\/uploads\/2023\/06\/PHOTO-2023-05-13-22-42-27r.jpg\" alt=\"\" width=\"1024\" height=\"576\" srcset=\"https:\/\/www.fundacioncasaserra.org\/fcs\/wp-content\/uploads\/2023\/06\/PHOTO-2023-05-13-22-42-27r.jpg 1024w, https:\/\/www.fundacioncasaserra.org\/fcs\/wp-content\/uploads\/2023\/06\/PHOTO-2023-05-13-22-42-27r-300x169.jpg 300w, https:\/\/www.fundacioncasaserra.org\/fcs\/wp-content\/uploads\/2023\/06\/PHOTO-2023-05-13-22-42-27r-768x432.jpg 768w, https:\/\/www.fundacioncasaserra.org\/fcs\/wp-content\/uploads\/2023\/06\/PHOTO-2023-05-13-22-42-27r-280x158.jpg 280w, https:\/\/www.fundacioncasaserra.org\/fcs\/wp-content\/uploads\/2023\/06\/PHOTO-2023-05-13-22-42-27r-600x338.jpg 600w\" sizes=\"auto, (max-width: 1024px) 100vw, 1024px\" \/> <img loading=\"lazy\" decoding=\"async\" class=\"alignnone size-large wp-image-7924\" src=\"https:\/\/www.fundacioncasaserra.org\/fcs\/wp-content\/uploads\/2023\/06\/PHOTO-2023-05-13-22-42-27u.jpg\" alt=\"\" width=\"1024\" height=\"576\" srcset=\"https:\/\/www.fundacioncasaserra.org\/fcs\/wp-content\/uploads\/2023\/06\/PHOTO-2023-05-13-22-42-27u.jpg 1024w, https:\/\/www.fundacioncasaserra.org\/fcs\/wp-content\/uploads\/2023\/06\/PHOTO-2023-05-13-22-42-27u-300x169.jpg 300w, https:\/\/www.fundacioncasaserra.org\/fcs\/wp-content\/uploads\/2023\/06\/PHOTO-2023-05-13-22-42-27u-768x432.jpg 768w, https:\/\/www.fundacioncasaserra.org\/fcs\/wp-content\/uploads\/2023\/06\/PHOTO-2023-05-13-22-42-27u-280x158.jpg 280w, https:\/\/www.fundacioncasaserra.org\/fcs\/wp-content\/uploads\/2023\/06\/PHOTO-2023-05-13-22-42-27u-600x338.jpg 600w\" sizes=\"auto, (max-width: 1024px) 100vw, 1024px\" \/><\/p>\n","protected":false},"excerpt":{"rendered":"<p>Catalina Serra Presidenta del Museu y Patron de la Fundaci\u00f3n Casa Serra, visit\u00f3 con ellos la Casa solariega y el Museo de San Jun\u00edpero Serra, finalmente visitaron el Convento de San Bernardino.<\/p>\n","protected":false},"author":4,"featured_media":0,"comment_status":"closed","ping_status":"closed","sticky":false,"template":"","format":"standard","meta":{"footnotes":""},"categories":[657],"tags":[],"class_list":["post-7915","post","type-post","status-publish","format-standard","hentry","category-noticias","prodpage-classic"],"_links":{"self":[{"href":"https:\/\/www.fundacioncasaserra.org\/fcs\/wp-json\/wp\/v2\/posts\/7915","targetHints":{"allow":["GET"]}}],"collection":[{"href":"https:\/\/www.fundacioncasaserra.org\/fcs\/wp-json\/wp\/v2\/posts"}],"about":[{"href":"https:\/\/www.fundacioncasaserra.org\/fcs\/wp-json\/wp\/v2\/types\/post"}],"author":[{"embeddable":true,"href":"https:\/\/www.fundacioncasaserra.org\/fcs\/wp-json\/wp\/v2\/users\/4"}],"replies":[{"embeddable":true,"href":"https:\/\/www.fundacioncasaserra.org\/fcs\/wp-json\/wp\/v2\/comments?post=7915"}],"version-history":[{"count":1,"href":"https:\/\/www.fundacioncasaserra.org\/fcs\/wp-json\/wp\/v2\/posts\/7915\/revisions"}],"predecessor-version":[{"id":7925,"href":"https:\/\/www.fundacioncasaserra.org\/fcs\/wp-json\/wp\/v2\/posts\/7915\/revisions\/7925"}],"wp:attachment":[{"href":"https:\/\/www.fundacioncasaserra.org\/fcs\/wp-json\/wp\/v2\/media?parent=7915"}],"wp:term":[{"taxonomy":"category","embeddable":true,"href":"https:\/\/www.fundacioncasaserra.org\/fcs\/wp-json\/wp\/v2\/categories?post=7915"},{"taxonomy":"post_tag","embeddable":true,"href":"https:\/\/www.fundacioncasaserra.org\/fcs\/wp-json\/wp\/v2\/tags?post=7915"}],"curies":[{"name":"wp","href":"https:\/\/api.w.org\/{rel}","templated":true}]}}