{"id":7904,"date":"2023-06-02T08:11:47","date_gmt":"2023-06-02T08:11:47","guid":{"rendered":"https:\/\/www.fundacioncasaserra.org\/fcs\/?p=7904"},"modified":"2023-06-04T06:10:17","modified_gmt":"2023-06-04T06:10:17","slug":"comunidad-de-religiosas","status":"publish","type":"post","link":"https:\/\/www.fundacioncasaserra.org\/fcs\/comunidad-de-religiosas\/","title":{"rendered":"La  Comunidad  de Religiosas Franciscanas de M\u00e9jico, durante su estancia en  Petra. 8 de marzo de 2023."},"content":{"rendered":"<p>El 8 de Marzo de 2023, Catalina Serra Presidenta del Museu y Patron de la Fundaci\u00f3n Casa Serra, acompa\u00f1\u00f3 la Visita a la Casa solariega y el Museo de San Jun\u00edpero Serra, junto con los franciscanos del Convento de San Bernardino y a la Madre Provincial de M\u00e9jico.<\/p>\n<p><img loading=\"lazy\" decoding=\"async\" class=\"alignnone size-full wp-image-7910\" src=\"https:\/\/www.fundacioncasaserra.org\/fcs\/wp-content\/uploads\/2023\/06\/PHOTO-2023-05-13-22-57-04t.jpg\" alt=\"\" width=\"1024\" height=\"576\" srcset=\"https:\/\/www.fundacioncasaserra.org\/fcs\/wp-content\/uploads\/2023\/06\/PHOTO-2023-05-13-22-57-04t.jpg 1024w, https:\/\/www.fundacioncasaserra.org\/fcs\/wp-content\/uploads\/2023\/06\/PHOTO-2023-05-13-22-57-04t-300x169.jpg 300w, https:\/\/www.fundacioncasaserra.org\/fcs\/wp-content\/uploads\/2023\/06\/PHOTO-2023-05-13-22-57-04t-768x432.jpg 768w, https:\/\/www.fundacioncasaserra.org\/fcs\/wp-content\/uploads\/2023\/06\/PHOTO-2023-05-13-22-57-04t-280x158.jpg 280w, https:\/\/www.fundacioncasaserra.org\/fcs\/wp-content\/uploads\/2023\/06\/PHOTO-2023-05-13-22-57-04t-600x338.jpg 600w\" sizes=\"auto, (max-width: 1024px) 100vw, 1024px\" \/><\/p>\n<p>&nbsp;<\/p>\n<p>&nbsp;<\/p>\n<p>&nbsp;<\/p>\n<p><img loading=\"lazy\" decoding=\"async\" class=\"alignnone size-large wp-image-7906\" src=\"https:\/\/www.fundacioncasaserra.org\/fcs\/wp-content\/uploads\/2023\/06\/PHOTO-2023-05-13-22-56-22.jpg\" alt=\"\" width=\"576\" height=\"1024\" srcset=\"https:\/\/www.fundacioncasaserra.org\/fcs\/wp-content\/uploads\/2023\/06\/PHOTO-2023-05-13-22-56-22.jpg 576w, https:\/\/www.fundacioncasaserra.org\/fcs\/wp-content\/uploads\/2023\/06\/PHOTO-2023-05-13-22-56-22-169x300.jpg 169w, https:\/\/www.fundacioncasaserra.org\/fcs\/wp-content\/uploads\/2023\/06\/PHOTO-2023-05-13-22-56-22-105x187.jpg 105w\" sizes=\"auto, (max-width: 576px) 100vw, 576px\" \/> <img loading=\"lazy\" decoding=\"async\" class=\"alignnone size-large wp-image-7907\" src=\"https:\/\/www.fundacioncasaserra.org\/fcs\/wp-content\/uploads\/2023\/06\/PHOTO-2023-05-13-22-56-22d.jpg\" alt=\"\" width=\"576\" height=\"1024\" srcset=\"https:\/\/www.fundacioncasaserra.org\/fcs\/wp-content\/uploads\/2023\/06\/PHOTO-2023-05-13-22-56-22d.jpg 576w, https:\/\/www.fundacioncasaserra.org\/fcs\/wp-content\/uploads\/2023\/06\/PHOTO-2023-05-13-22-56-22d-169x300.jpg 169w, https:\/\/www.fundacioncasaserra.org\/fcs\/wp-content\/uploads\/2023\/06\/PHOTO-2023-05-13-22-56-22d-105x187.jpg 105w\" sizes=\"auto, (max-width: 576px) 100vw, 576px\" \/> <img loading=\"lazy\" decoding=\"async\" class=\"alignnone size-large wp-image-7908\" src=\"https:\/\/www.fundacioncasaserra.org\/fcs\/wp-content\/uploads\/2023\/06\/PHOTO-2023-05-13-22-56-22y.jpg\" alt=\"\" width=\"576\" height=\"1024\" srcset=\"https:\/\/www.fundacioncasaserra.org\/fcs\/wp-content\/uploads\/2023\/06\/PHOTO-2023-05-13-22-56-22y.jpg 576w, https:\/\/www.fundacioncasaserra.org\/fcs\/wp-content\/uploads\/2023\/06\/PHOTO-2023-05-13-22-56-22y-169x300.jpg 169w, https:\/\/www.fundacioncasaserra.org\/fcs\/wp-content\/uploads\/2023\/06\/PHOTO-2023-05-13-22-56-22y-105x187.jpg 105w\" sizes=\"auto, (max-width: 576px) 100vw, 576px\" \/> <img loading=\"lazy\" decoding=\"async\" class=\"alignnone size-large wp-image-7909\" src=\"https:\/\/www.fundacioncasaserra.org\/fcs\/wp-content\/uploads\/2023\/06\/PHOTO-2023-05-13-22-57-04.jpg\" alt=\"\" width=\"1024\" height=\"576\" srcset=\"https:\/\/www.fundacioncasaserra.org\/fcs\/wp-content\/uploads\/2023\/06\/PHOTO-2023-05-13-22-57-04.jpg 1024w, https:\/\/www.fundacioncasaserra.org\/fcs\/wp-content\/uploads\/2023\/06\/PHOTO-2023-05-13-22-57-04-300x169.jpg 300w, https:\/\/www.fundacioncasaserra.org\/fcs\/wp-content\/uploads\/2023\/06\/PHOTO-2023-05-13-22-57-04-768x432.jpg 768w, https:\/\/www.fundacioncasaserra.org\/fcs\/wp-content\/uploads\/2023\/06\/PHOTO-2023-05-13-22-57-04-280x158.jpg 280w, https:\/\/www.fundacioncasaserra.org\/fcs\/wp-content\/uploads\/2023\/06\/PHOTO-2023-05-13-22-57-04-600x338.jpg 600w\" sizes=\"auto, (max-width: 1024px) 100vw, 1024px\" \/><\/p>\n<p>&nbsp;<\/p>\n","protected":false},"excerpt":{"rendered":"<p>El 8 de Marzo de 2023, Catalina Serra Presidenta del Museu y Patron de la Fundaci\u00f3n Casa Serra, acompa\u00f1\u00f3 la Visita a la Casa solariega y el Museo de San Jun\u00edpero Serra, junto con los franciscanos del Convento de San Bernardino y a la Madre Provincial de M\u00e9jico. &nbsp; &nbsp; &nbsp; &nbsp;<\/p>\n","protected":false},"author":4,"featured_media":0,"comment_status":"closed","ping_status":"closed","sticky":false,"template":"","format":"standard","meta":{"footnotes":""},"categories":[657],"tags":[],"class_list":["post-7904","post","type-post","status-publish","format-standard","hentry","category-noticias","prodpage-classic"],"_links":{"self":[{"href":"https:\/\/www.fundacioncasaserra.org\/fcs\/wp-json\/wp\/v2\/posts\/7904","targetHints":{"allow":["GET"]}}],"collection":[{"href":"https:\/\/www.fundacioncasaserra.org\/fcs\/wp-json\/wp\/v2\/posts"}],"about":[{"href":"https:\/\/www.fundacioncasaserra.org\/fcs\/wp-json\/wp\/v2\/types\/post"}],"author":[{"embeddable":true,"href":"https:\/\/www.fundacioncasaserra.org\/fcs\/wp-json\/wp\/v2\/users\/4"}],"replies":[{"embeddable":true,"href":"https:\/\/www.fundacioncasaserra.org\/fcs\/wp-json\/wp\/v2\/comments?post=7904"}],"version-history":[{"count":5,"href":"https:\/\/www.fundacioncasaserra.org\/fcs\/wp-json\/wp\/v2\/posts\/7904\/revisions"}],"predecessor-version":[{"id":7934,"href":"https:\/\/www.fundacioncasaserra.org\/fcs\/wp-json\/wp\/v2\/posts\/7904\/revisions\/7934"}],"wp:attachment":[{"href":"https:\/\/www.fundacioncasaserra.org\/fcs\/wp-json\/wp\/v2\/media?parent=7904"}],"wp:term":[{"taxonomy":"category","embeddable":true,"href":"https:\/\/www.fundacioncasaserra.org\/fcs\/wp-json\/wp\/v2\/categories?post=7904"},{"taxonomy":"post_tag","embeddable":true,"href":"https:\/\/www.fundacioncasaserra.org\/fcs\/wp-json\/wp\/v2\/tags?post=7904"}],"curies":[{"name":"wp","href":"https:\/\/api.w.org\/{rel}","templated":true}]}}