{"id":7898,"date":"2023-06-02T08:07:39","date_gmt":"2023-06-02T08:07:39","guid":{"rendered":"https:\/\/www.fundacioncasaserra.org\/fcs\/?p=7898"},"modified":"2023-06-26T06:19:08","modified_gmt":"2023-06-26T06:19:08","slug":"visitantes-de-la-associacio-de-pensionistes-de-inca","status":"publish","type":"post","link":"https:\/\/www.fundacioncasaserra.org\/fcs\/visitantes-de-la-associacio-de-pensionistes-de-inca\/","title":{"rendered":"Visitantes de la \u201cAssociaci\u00f3 de pensionistes\u201d de Inca"},"content":{"rendered":"<p>El d\u00eda 30 de abril de 2023, nos visit\u00f3 la \u201cAssociaci\u00f3 de pensionistes\u201d de la 3\u00aa edad de Inca.<\/p>\n<p>Acompa\u00f1ados por su Presidente Guillem Coll y de Catalina Serra Presidenta del Museu y Patron de la Fundaci\u00f3n Casa Serra, Visitaron la Casa solariega y el Museo de San Jun\u00edpero Serra, finalmente visitaron el Convento de San Bernardino.<\/p>\n<p><img loading=\"lazy\" decoding=\"async\" class=\"alignnone size-full wp-image-7899\" src=\"https:\/\/www.fundacioncasaserra.org\/fcs\/wp-content\/uploads\/2023\/06\/PHOTO-2023-05-13-22-36-56.jpg\" alt=\"\" width=\"485\" height=\"1024\" srcset=\"https:\/\/www.fundacioncasaserra.org\/fcs\/wp-content\/uploads\/2023\/06\/PHOTO-2023-05-13-22-36-56.jpg 485w, https:\/\/www.fundacioncasaserra.org\/fcs\/wp-content\/uploads\/2023\/06\/PHOTO-2023-05-13-22-36-56-142x300.jpg 142w, https:\/\/www.fundacioncasaserra.org\/fcs\/wp-content\/uploads\/2023\/06\/PHOTO-2023-05-13-22-36-56-89x187.jpg 89w\" sizes=\"auto, (max-width: 485px) 100vw, 485px\" \/><\/p>\n","protected":false},"excerpt":{"rendered":"<p>El d\u00eda 30 de abril de 2023, nos visit\u00f3 la \u201cAssociaci\u00f3 de pensionistes\u201d de la 3\u00aa edad de Inca. Acompa\u00f1ados por su Presidente Guillem Coll y de Catalina Serra Presidenta del Museu y Patron de la Fundaci\u00f3n Casa Serra, Visitaron la Casa solariega y el Museo de San Jun\u00edpero Serra, finalmente visitaron el Convento de<\/p>\n","protected":false},"author":4,"featured_media":0,"comment_status":"closed","ping_status":"closed","sticky":false,"template":"","format":"standard","meta":{"footnotes":""},"categories":[657],"tags":[],"class_list":["post-7898","post","type-post","status-publish","format-standard","hentry","category-noticias","prodpage-classic"],"_links":{"self":[{"href":"https:\/\/www.fundacioncasaserra.org\/fcs\/wp-json\/wp\/v2\/posts\/7898","targetHints":{"allow":["GET"]}}],"collection":[{"href":"https:\/\/www.fundacioncasaserra.org\/fcs\/wp-json\/wp\/v2\/posts"}],"about":[{"href":"https:\/\/www.fundacioncasaserra.org\/fcs\/wp-json\/wp\/v2\/types\/post"}],"author":[{"embeddable":true,"href":"https:\/\/www.fundacioncasaserra.org\/fcs\/wp-json\/wp\/v2\/users\/4"}],"replies":[{"embeddable":true,"href":"https:\/\/www.fundacioncasaserra.org\/fcs\/wp-json\/wp\/v2\/comments?post=7898"}],"version-history":[{"count":1,"href":"https:\/\/www.fundacioncasaserra.org\/fcs\/wp-json\/wp\/v2\/posts\/7898\/revisions"}],"predecessor-version":[{"id":7903,"href":"https:\/\/www.fundacioncasaserra.org\/fcs\/wp-json\/wp\/v2\/posts\/7898\/revisions\/7903"}],"wp:attachment":[{"href":"https:\/\/www.fundacioncasaserra.org\/fcs\/wp-json\/wp\/v2\/media?parent=7898"}],"wp:term":[{"taxonomy":"category","embeddable":true,"href":"https:\/\/www.fundacioncasaserra.org\/fcs\/wp-json\/wp\/v2\/categories?post=7898"},{"taxonomy":"post_tag","embeddable":true,"href":"https:\/\/www.fundacioncasaserra.org\/fcs\/wp-json\/wp\/v2\/tags?post=7898"}],"curies":[{"name":"wp","href":"https:\/\/api.w.org\/{rel}","templated":true}]}}