{"id":7872,"date":"2022-11-09T11:21:38","date_gmt":"2022-11-09T11:21:38","guid":{"rendered":"https:\/\/www.fundacioncasaserra.org\/fcs\/?p=7872"},"modified":"2022-11-09T11:21:38","modified_gmt":"2022-11-09T11:21:38","slug":"distinguidos-visitantes-muy-interesados-en-conocer-los-origenes-del-fundador-de-california","status":"publish","type":"post","link":"https:\/\/www.fundacioncasaserra.org\/fcs\/distinguidos-visitantes-muy-interesados-en-conocer-los-origenes-del-fundador-de-california\/","title":{"rendered":"Distinguidos Visitantes muy interesados en conocer los or\u00edgenes del fundador de California"},"content":{"rendered":"<p>El pasado Martes 8 de Noviembre 2022, nos visitaron en Visita de car\u00e1cter privado a la Petra juniperiana.: Marcia V.\u00a0\u00a0J. Kran y Luis F. Molina (Canad\u00e1) que forma parte del Comit\u00e9 de Derechos Humanos , en las Naciones Unidas.\u00a0Estuvieron acompa\u00f1ados por sus amigos Katarina Knutz y Marten Matzen.<\/p>\n<p>Visitaron la Casa Pairal acompa\u00f1ados por el Presidente del RC Mallorca D. Francisco Qu\u00e9s, que les explic\u00f3 la historia de la Casa y el Proyecto de los Becarios y el recorrido por la Casa.<\/p>\n<p><img loading=\"lazy\" decoding=\"async\" class=\"alignnone size-large wp-image-7874\" src=\"https:\/\/www.fundacioncasaserra.org\/fcs\/wp-content\/uploads\/2022\/11\/PHOTO-2022-11-08-23-44-01s.jpg\" alt=\"\" width=\"1024\" height=\"576\" srcset=\"https:\/\/www.fundacioncasaserra.org\/fcs\/wp-content\/uploads\/2022\/11\/PHOTO-2022-11-08-23-44-01s.jpg 1024w, https:\/\/www.fundacioncasaserra.org\/fcs\/wp-content\/uploads\/2022\/11\/PHOTO-2022-11-08-23-44-01s-300x169.jpg 300w, https:\/\/www.fundacioncasaserra.org\/fcs\/wp-content\/uploads\/2022\/11\/PHOTO-2022-11-08-23-44-01s-768x432.jpg 768w, https:\/\/www.fundacioncasaserra.org\/fcs\/wp-content\/uploads\/2022\/11\/PHOTO-2022-11-08-23-44-01s-280x158.jpg 280w, https:\/\/www.fundacioncasaserra.org\/fcs\/wp-content\/uploads\/2022\/11\/PHOTO-2022-11-08-23-44-01s-600x338.jpg 600w\" sizes=\"auto, (max-width: 1024px) 100vw, 1024px\" \/><\/p>\n<p>Tambi\u00e9n visitaron el Museo acompa\u00f1ados por la Presidenta Catalina Font y el Alcalde de Petra D. Salvador Femen\u00edas (Patrono de la Fundaci\u00f3n Casa Serra y del Museo),\u00a0donde la Presidente les explic\u00f3 las diferentes salas , firmaron en el libro de honor y les entregamos un peque\u00f1o relieve en arcilla de Jun\u00edpero,<\/p>\n<p><img loading=\"lazy\" decoding=\"async\" class=\"alignnone size-full wp-image-7875\" src=\"https:\/\/www.fundacioncasaserra.org\/fcs\/wp-content\/uploads\/2022\/11\/PHOTO-2022-11-08-23-44-01a.jpg\" alt=\"\" width=\"625\" height=\"453\" srcset=\"https:\/\/www.fundacioncasaserra.org\/fcs\/wp-content\/uploads\/2022\/11\/PHOTO-2022-11-08-23-44-01a.jpg 625w, https:\/\/www.fundacioncasaserra.org\/fcs\/wp-content\/uploads\/2022\/11\/PHOTO-2022-11-08-23-44-01a-300x217.jpg 300w, https:\/\/www.fundacioncasaserra.org\/fcs\/wp-content\/uploads\/2022\/11\/PHOTO-2022-11-08-23-44-01a-258x187.jpg 258w, https:\/\/www.fundacioncasaserra.org\/fcs\/wp-content\/uploads\/2022\/11\/PHOTO-2022-11-08-23-44-01a-600x435.jpg 600w\" sizes=\"auto, (max-width: 625px) 100vw, 625px\" \/><\/p>\n<p>Luego para finalizar en el Convento de San Bernardino que el Guardi\u00e1n Fray Carlos Enrique les realiz\u00f3 la explicaci\u00f3n de la biograf\u00eda del padre Serra a trav\u00e9s de los cuadros de cristal y les<\/p>\n<p>obsequi\u00f3 con un libro.<\/p>\n<p><img loading=\"lazy\" decoding=\"async\" class=\"alignnone size-full wp-image-7873\" src=\"https:\/\/www.fundacioncasaserra.org\/fcs\/wp-content\/uploads\/2022\/11\/d.jpg\" alt=\"\" width=\"1024\" height=\"576\" srcset=\"https:\/\/www.fundacioncasaserra.org\/fcs\/wp-content\/uploads\/2022\/11\/d.jpg 1024w, https:\/\/www.fundacioncasaserra.org\/fcs\/wp-content\/uploads\/2022\/11\/d-300x169.jpg 300w, https:\/\/www.fundacioncasaserra.org\/fcs\/wp-content\/uploads\/2022\/11\/d-768x432.jpg 768w, https:\/\/www.fundacioncasaserra.org\/fcs\/wp-content\/uploads\/2022\/11\/d-280x158.jpg 280w, https:\/\/www.fundacioncasaserra.org\/fcs\/wp-content\/uploads\/2022\/11\/d-600x338.jpg 600w\" sizes=\"auto, (max-width: 1024px) 100vw, 1024px\" \/><\/p>\n<p>&nbsp;<\/p>\n<p>Fue una visita muy interesante ya que estaban muy interesados en conocer los or\u00edgenes del fundador de California, ya que ellos hab\u00edan visitado y algunos vivido.<\/p>\n<p>Posteriormente nos han agradecido la visita guiada.<\/p>\n<p>&nbsp;<\/p>\n","protected":false},"excerpt":{"rendered":"<p>El pasado Martes 8 de Noviembre 2022, nos visitaron en Visita de car\u00e1cter privado a la Petra juniperiana.: Marcia V.\u00a0\u00a0J. Kran y Luis F. Molina (Canad\u00e1) que forma parte del Comit\u00e9 de Derechos Humanos , en las Naciones Unidas.\u00a0Estuvieron acompa\u00f1ados por sus amigos Katarina Knutz y Marten Matzen. Visitaron la Casa Pairal acompa\u00f1ados por el<\/p>\n","protected":false},"author":4,"featured_media":0,"comment_status":"closed","ping_status":"closed","sticky":false,"template":"","format":"standard","meta":{"footnotes":""},"categories":[657],"tags":[],"class_list":["post-7872","post","type-post","status-publish","format-standard","hentry","category-noticias","prodpage-classic"],"_links":{"self":[{"href":"https:\/\/www.fundacioncasaserra.org\/fcs\/wp-json\/wp\/v2\/posts\/7872","targetHints":{"allow":["GET"]}}],"collection":[{"href":"https:\/\/www.fundacioncasaserra.org\/fcs\/wp-json\/wp\/v2\/posts"}],"about":[{"href":"https:\/\/www.fundacioncasaserra.org\/fcs\/wp-json\/wp\/v2\/types\/post"}],"author":[{"embeddable":true,"href":"https:\/\/www.fundacioncasaserra.org\/fcs\/wp-json\/wp\/v2\/users\/4"}],"replies":[{"embeddable":true,"href":"https:\/\/www.fundacioncasaserra.org\/fcs\/wp-json\/wp\/v2\/comments?post=7872"}],"version-history":[{"count":1,"href":"https:\/\/www.fundacioncasaserra.org\/fcs\/wp-json\/wp\/v2\/posts\/7872\/revisions"}],"predecessor-version":[{"id":7876,"href":"https:\/\/www.fundacioncasaserra.org\/fcs\/wp-json\/wp\/v2\/posts\/7872\/revisions\/7876"}],"wp:attachment":[{"href":"https:\/\/www.fundacioncasaserra.org\/fcs\/wp-json\/wp\/v2\/media?parent=7872"}],"wp:term":[{"taxonomy":"category","embeddable":true,"href":"https:\/\/www.fundacioncasaserra.org\/fcs\/wp-json\/wp\/v2\/categories?post=7872"},{"taxonomy":"post_tag","embeddable":true,"href":"https:\/\/www.fundacioncasaserra.org\/fcs\/wp-json\/wp\/v2\/tags?post=7872"}],"curies":[{"name":"wp","href":"https:\/\/api.w.org\/{rel}","templated":true}]}}