{"id":7710,"date":"2022-05-23T05:41:30","date_gmt":"2022-05-23T05:41:30","guid":{"rendered":"https:\/\/www.fundacioncasaserra.org\/fcs\/?p=7710"},"modified":"2022-05-28T17:19:07","modified_gmt":"2022-05-28T17:19:07","slug":"el-rotary-club-palma-junipero-serra-visito-la-fcs","status":"publish","type":"post","link":"https:\/\/www.fundacioncasaserra.org\/fcs\/el-rotary-club-palma-junipero-serra-visito-la-fcs\/","title":{"rendered":"El Rotary Club Palma Jun\u00edpero Serra, visit\u00f3 la FCS."},"content":{"rendered":"<p><img loading=\"lazy\" decoding=\"async\" class=\"alignnone wp-image-7712\" src=\"https:\/\/www.fundacioncasaserra.org\/fcs\/wp-content\/uploads\/2022\/05\/PHOTO-2022-05-22-22-01-23-1024x655.jpg\" alt=\"\" width=\"610\" height=\"390\" srcset=\"https:\/\/www.fundacioncasaserra.org\/fcs\/wp-content\/uploads\/2022\/05\/PHOTO-2022-05-22-22-01-23-1024x655.jpg 1024w, https:\/\/www.fundacioncasaserra.org\/fcs\/wp-content\/uploads\/2022\/05\/PHOTO-2022-05-22-22-01-23-300x192.jpg 300w, https:\/\/www.fundacioncasaserra.org\/fcs\/wp-content\/uploads\/2022\/05\/PHOTO-2022-05-22-22-01-23-768x491.jpg 768w, https:\/\/www.fundacioncasaserra.org\/fcs\/wp-content\/uploads\/2022\/05\/PHOTO-2022-05-22-22-01-23-1536x983.jpg 1536w, https:\/\/www.fundacioncasaserra.org\/fcs\/wp-content\/uploads\/2022\/05\/PHOTO-2022-05-22-22-01-23-280x179.jpg 280w, https:\/\/www.fundacioncasaserra.org\/fcs\/wp-content\/uploads\/2022\/05\/PHOTO-2022-05-22-22-01-23-1240x793.jpg 1240w, https:\/\/www.fundacioncasaserra.org\/fcs\/wp-content\/uploads\/2022\/05\/PHOTO-2022-05-22-22-01-23-600x384.jpg 600w, https:\/\/www.fundacioncasaserra.org\/fcs\/wp-content\/uploads\/2022\/05\/PHOTO-2022-05-22-22-01-23.jpg 2048w\" sizes=\"auto, (max-width: 610px) 100vw, 610px\" \/><\/p>\n<p>El <strong>Rotary Club Palma Jun\u00edpero Serra<\/strong>, presidido por <strong>Pedro Iriondo<\/strong> visit\u00f3 la FCS.<\/p>\n<p>Con ocasi\u00f3n del concierto programado el 22 de Mayo en el teatro de Petra, y que finalmente se anul\u00f3 por indisposici\u00f3n de varios integrantes de la <strong>Joven Orquesta Rotaria<\/strong>, visitaron la Casa acompa\u00f1ados por <strong>Catalina Font<\/strong> (FCS y RCM Mallorca) y almorzaron en Petra.<\/p>\n<p><img loading=\"lazy\" decoding=\"async\" class=\"alignnone wp-image-7711\" src=\"https:\/\/www.fundacioncasaserra.org\/fcs\/wp-content\/uploads\/2022\/05\/PHOTO-2022-05-22-22-00-35.jpg\" alt=\"\" width=\"609\" height=\"343\" srcset=\"https:\/\/www.fundacioncasaserra.org\/fcs\/wp-content\/uploads\/2022\/05\/PHOTO-2022-05-22-22-00-35.jpg 1024w, https:\/\/www.fundacioncasaserra.org\/fcs\/wp-content\/uploads\/2022\/05\/PHOTO-2022-05-22-22-00-35-300x169.jpg 300w, https:\/\/www.fundacioncasaserra.org\/fcs\/wp-content\/uploads\/2022\/05\/PHOTO-2022-05-22-22-00-35-768x432.jpg 768w, https:\/\/www.fundacioncasaserra.org\/fcs\/wp-content\/uploads\/2022\/05\/PHOTO-2022-05-22-22-00-35-280x158.jpg 280w, https:\/\/www.fundacioncasaserra.org\/fcs\/wp-content\/uploads\/2022\/05\/PHOTO-2022-05-22-22-00-35-600x338.jpg 600w\" sizes=\"auto, (max-width: 609px) 100vw, 609px\" \/><\/p>\n<p><img loading=\"lazy\" decoding=\"async\" class=\"alignnone  wp-image-7722\" src=\"https:\/\/www.fundacioncasaserra.org\/fcs\/wp-content\/uploads\/2022\/05\/cartel-concierto-petra-724x1024.jpg\" alt=\"\" width=\"614\" height=\"868\" srcset=\"https:\/\/www.fundacioncasaserra.org\/fcs\/wp-content\/uploads\/2022\/05\/cartel-concierto-petra-724x1024.jpg 724w, https:\/\/www.fundacioncasaserra.org\/fcs\/wp-content\/uploads\/2022\/05\/cartel-concierto-petra-212x300.jpg 212w, https:\/\/www.fundacioncasaserra.org\/fcs\/wp-content\/uploads\/2022\/05\/cartel-concierto-petra-768x1086.jpg 768w, https:\/\/www.fundacioncasaserra.org\/fcs\/wp-content\/uploads\/2022\/05\/cartel-concierto-petra-1087x1536.jpg 1087w, https:\/\/www.fundacioncasaserra.org\/fcs\/wp-content\/uploads\/2022\/05\/cartel-concierto-petra-132x187.jpg 132w, https:\/\/www.fundacioncasaserra.org\/fcs\/wp-content\/uploads\/2022\/05\/cartel-concierto-petra-1240x1753.jpg 1240w, https:\/\/www.fundacioncasaserra.org\/fcs\/wp-content\/uploads\/2022\/05\/cartel-concierto-petra-600x848.jpg 600w, https:\/\/www.fundacioncasaserra.org\/fcs\/wp-content\/uploads\/2022\/05\/cartel-concierto-petra.jpg 1344w\" sizes=\"auto, (max-width: 614px) 100vw, 614px\" \/><\/p>\n","protected":false},"excerpt":{"rendered":"<p>El Rotary Club Palma Jun\u00edpero Serra, presidido por Pedro Iriondo visit\u00f3 la FCS. Con ocasi\u00f3n del concierto programado el 22 de Mayo en el teatro de Petra, y que finalmente se anul\u00f3 por indisposici\u00f3n de varios integrantes de la Joven Orquesta Rotaria, visitaron la Casa acompa\u00f1ados por Catalina Font (FCS y RCM Mallorca) y almorzaron<\/p>\n","protected":false},"author":2,"featured_media":0,"comment_status":"closed","ping_status":"closed","sticky":false,"template":"","format":"standard","meta":{"footnotes":""},"categories":[657],"tags":[],"class_list":["post-7710","post","type-post","status-publish","format-standard","hentry","category-noticias","prodpage-classic"],"_links":{"self":[{"href":"https:\/\/www.fundacioncasaserra.org\/fcs\/wp-json\/wp\/v2\/posts\/7710","targetHints":{"allow":["GET"]}}],"collection":[{"href":"https:\/\/www.fundacioncasaserra.org\/fcs\/wp-json\/wp\/v2\/posts"}],"about":[{"href":"https:\/\/www.fundacioncasaserra.org\/fcs\/wp-json\/wp\/v2\/types\/post"}],"author":[{"embeddable":true,"href":"https:\/\/www.fundacioncasaserra.org\/fcs\/wp-json\/wp\/v2\/users\/2"}],"replies":[{"embeddable":true,"href":"https:\/\/www.fundacioncasaserra.org\/fcs\/wp-json\/wp\/v2\/comments?post=7710"}],"version-history":[{"count":4,"href":"https:\/\/www.fundacioncasaserra.org\/fcs\/wp-json\/wp\/v2\/posts\/7710\/revisions"}],"predecessor-version":[{"id":7723,"href":"https:\/\/www.fundacioncasaserra.org\/fcs\/wp-json\/wp\/v2\/posts\/7710\/revisions\/7723"}],"wp:attachment":[{"href":"https:\/\/www.fundacioncasaserra.org\/fcs\/wp-json\/wp\/v2\/media?parent=7710"}],"wp:term":[{"taxonomy":"category","embeddable":true,"href":"https:\/\/www.fundacioncasaserra.org\/fcs\/wp-json\/wp\/v2\/categories?post=7710"},{"taxonomy":"post_tag","embeddable":true,"href":"https:\/\/www.fundacioncasaserra.org\/fcs\/wp-json\/wp\/v2\/tags?post=7710"}],"curies":[{"name":"wp","href":"https:\/\/api.w.org\/{rel}","templated":true}]}}