{"id":7676,"date":"2022-01-14T18:53:22","date_gmt":"2022-01-14T18:53:22","guid":{"rendered":"https:\/\/www.fundacioncasaserra.org\/fcs\/?p=7676"},"modified":"2022-06-10T16:05:33","modified_gmt":"2022-06-10T16:05:33","slug":"visita-de-guias-colegiados-a-petra","status":"publish","type":"post","link":"https:\/\/www.fundacioncasaserra.org\/fcs\/visita-de-guias-colegiados-a-petra\/","title":{"rendered":"VISITA de Gu\u00edas colegiados a PETRA"},"content":{"rendered":"<p><img loading=\"lazy\" decoding=\"async\" class=\"alignnone  wp-image-7680\" src=\"https:\/\/www.fundacioncasaserra.org\/fcs\/wp-content\/uploads\/2022\/01\/IMG_9449-1024x576.jpg\" alt=\"\" width=\"770\" height=\"433\" srcset=\"https:\/\/www.fundacioncasaserra.org\/fcs\/wp-content\/uploads\/2022\/01\/IMG_9449-1024x576.jpg 1024w, https:\/\/www.fundacioncasaserra.org\/fcs\/wp-content\/uploads\/2022\/01\/IMG_9449-300x169.jpg 300w, https:\/\/www.fundacioncasaserra.org\/fcs\/wp-content\/uploads\/2022\/01\/IMG_9449-768x432.jpg 768w, https:\/\/www.fundacioncasaserra.org\/fcs\/wp-content\/uploads\/2022\/01\/IMG_9449-1536x864.jpg 1536w, https:\/\/www.fundacioncasaserra.org\/fcs\/wp-content\/uploads\/2022\/01\/IMG_9449-2048x1152.jpg 2048w, https:\/\/www.fundacioncasaserra.org\/fcs\/wp-content\/uploads\/2022\/01\/IMG_9449-280x158.jpg 280w, https:\/\/www.fundacioncasaserra.org\/fcs\/wp-content\/uploads\/2022\/01\/IMG_9449-1240x698.jpg 1240w, https:\/\/www.fundacioncasaserra.org\/fcs\/wp-content\/uploads\/2022\/01\/IMG_9449-600x338.jpg 600w\" sizes=\"auto, (max-width: 770px) 100vw, 770px\" \/><\/p>\n<p>El d\u00eda 10 de enero 2022 un grupo de <span style=\"color: #0000ff;\">Gu\u00edas Colegiados<\/span> visitaron la Fundaci\u00f3n Casa Serra, el Museo &#8211; Centro de Estudios Juniperianos, y el Convento de San Bernardino.<\/p>\n<p>Fueron recibidos y guiados por D\u00aa <span style=\"color: #0000ff;\">Catalina Font Gomila<\/span>, que adem\u00e1s de Presidenta del Museo y Centro de Estudios Juniperianos, es Secretaria (Patr\u00f3n) de nuestra Fundaci\u00f3n Casa Serra.<\/p>\n<p>Se mostraron muy interesados en difundir la figura del padre Serra y promover la visita de los tres conjuntos juniperianos.<\/p>\n<p>En breve esperamos organizar las visitas guiadas, si el COVID nos lo permite.<\/p>\n<p><img loading=\"lazy\" decoding=\"async\" class=\"alignnone  wp-image-7681\" src=\"https:\/\/www.fundacioncasaserra.org\/fcs\/wp-content\/uploads\/2022\/01\/IMG_9453-1024x576.jpg\" alt=\"\" width=\"463\" height=\"261\" srcset=\"https:\/\/www.fundacioncasaserra.org\/fcs\/wp-content\/uploads\/2022\/01\/IMG_9453-1024x576.jpg 1024w, https:\/\/www.fundacioncasaserra.org\/fcs\/wp-content\/uploads\/2022\/01\/IMG_9453-300x169.jpg 300w, https:\/\/www.fundacioncasaserra.org\/fcs\/wp-content\/uploads\/2022\/01\/IMG_9453-768x432.jpg 768w, https:\/\/www.fundacioncasaserra.org\/fcs\/wp-content\/uploads\/2022\/01\/IMG_9453-1536x864.jpg 1536w, https:\/\/www.fundacioncasaserra.org\/fcs\/wp-content\/uploads\/2022\/01\/IMG_9453-2048x1152.jpg 2048w, https:\/\/www.fundacioncasaserra.org\/fcs\/wp-content\/uploads\/2022\/01\/IMG_9453-280x158.jpg 280w, https:\/\/www.fundacioncasaserra.org\/fcs\/wp-content\/uploads\/2022\/01\/IMG_9453-1240x698.jpg 1240w, https:\/\/www.fundacioncasaserra.org\/fcs\/wp-content\/uploads\/2022\/01\/IMG_9453-600x338.jpg 600w\" sizes=\"auto, (max-width: 463px) 100vw, 463px\" \/><img loading=\"lazy\" decoding=\"async\" class=\"alignnone  wp-image-7682\" src=\"https:\/\/www.fundacioncasaserra.org\/fcs\/wp-content\/uploads\/2022\/01\/PHOTO-2022-01-10-15-11-15-768x1024.jpg\" alt=\"\" width=\"270\" height=\"360\" srcset=\"https:\/\/www.fundacioncasaserra.org\/fcs\/wp-content\/uploads\/2022\/01\/PHOTO-2022-01-10-15-11-15-768x1024.jpg 768w, https:\/\/www.fundacioncasaserra.org\/fcs\/wp-content\/uploads\/2022\/01\/PHOTO-2022-01-10-15-11-15-225x300.jpg 225w, https:\/\/www.fundacioncasaserra.org\/fcs\/wp-content\/uploads\/2022\/01\/PHOTO-2022-01-10-15-11-15-1152x1536.jpg 1152w, https:\/\/www.fundacioncasaserra.org\/fcs\/wp-content\/uploads\/2022\/01\/PHOTO-2022-01-10-15-11-15-140x187.jpg 140w, https:\/\/www.fundacioncasaserra.org\/fcs\/wp-content\/uploads\/2022\/01\/PHOTO-2022-01-10-15-11-15-1240x1653.jpg 1240w, https:\/\/www.fundacioncasaserra.org\/fcs\/wp-content\/uploads\/2022\/01\/PHOTO-2022-01-10-15-11-15-600x800.jpg 600w, https:\/\/www.fundacioncasaserra.org\/fcs\/wp-content\/uploads\/2022\/01\/PHOTO-2022-01-10-15-11-15.jpg 1536w\" sizes=\"auto, (max-width: 270px) 100vw, 270px\" \/><\/p>\n<p>&nbsp;<\/p>\n","protected":false},"excerpt":{"rendered":"<p>El d\u00eda 10 de enero 2022 un grupo de Gu\u00edas Colegiados visitaron la Fundaci\u00f3n Casa Serra, el Museo &#8211; Centro de Estudios Juniperianos, y el Convento de San Bernardino. Fueron recibidos y guiados por D\u00aa Catalina Font Gomila, que adem\u00e1s de Presidenta del Museo y Centro de Estudios Juniperianos, es Secretaria (Patr\u00f3n) de nuestra Fundaci\u00f3n<\/p>\n","protected":false},"author":2,"featured_media":0,"comment_status":"closed","ping_status":"closed","sticky":false,"template":"","format":"standard","meta":{"footnotes":""},"categories":[657],"tags":[],"class_list":["post-7676","post","type-post","status-publish","format-standard","hentry","category-noticias","prodpage-classic"],"_links":{"self":[{"href":"https:\/\/www.fundacioncasaserra.org\/fcs\/wp-json\/wp\/v2\/posts\/7676","targetHints":{"allow":["GET"]}}],"collection":[{"href":"https:\/\/www.fundacioncasaserra.org\/fcs\/wp-json\/wp\/v2\/posts"}],"about":[{"href":"https:\/\/www.fundacioncasaserra.org\/fcs\/wp-json\/wp\/v2\/types\/post"}],"author":[{"embeddable":true,"href":"https:\/\/www.fundacioncasaserra.org\/fcs\/wp-json\/wp\/v2\/users\/2"}],"replies":[{"embeddable":true,"href":"https:\/\/www.fundacioncasaserra.org\/fcs\/wp-json\/wp\/v2\/comments?post=7676"}],"version-history":[{"count":4,"href":"https:\/\/www.fundacioncasaserra.org\/fcs\/wp-json\/wp\/v2\/posts\/7676\/revisions"}],"predecessor-version":[{"id":7683,"href":"https:\/\/www.fundacioncasaserra.org\/fcs\/wp-json\/wp\/v2\/posts\/7676\/revisions\/7683"}],"wp:attachment":[{"href":"https:\/\/www.fundacioncasaserra.org\/fcs\/wp-json\/wp\/v2\/media?parent=7676"}],"wp:term":[{"taxonomy":"category","embeddable":true,"href":"https:\/\/www.fundacioncasaserra.org\/fcs\/wp-json\/wp\/v2\/categories?post=7676"},{"taxonomy":"post_tag","embeddable":true,"href":"https:\/\/www.fundacioncasaserra.org\/fcs\/wp-json\/wp\/v2\/tags?post=7676"}],"curies":[{"name":"wp","href":"https:\/\/api.w.org\/{rel}","templated":true}]}}