{"id":7622,"date":"2021-08-31T07:19:59","date_gmt":"2021-08-31T07:19:59","guid":{"rendered":"https:\/\/www.fundacioncasaserra.org\/fcs\/?p=7622"},"modified":"2023-02-05T19:10:26","modified_gmt":"2023-02-05T19:10:26","slug":"d-bartolome-bestard-bonet-presidente-de-honor-de-la-asociacion-sant-juniper-serra","status":"publish","type":"post","link":"https:\/\/www.fundacioncasaserra.org\/fcs\/d-bartolome-bestard-bonet-presidente-de-honor-de-la-asociacion-sant-juniper-serra\/","title":{"rendered":"D. BARTOLOM\u00c9 BESTARD BONET PRESIDENTE DE HONOR DE LA ASOCIACI\u00d3N SANT JUN\u00cdPER SERRA."},"content":{"rendered":"<p><img loading=\"lazy\" decoding=\"async\" class=\"alignnone size-large wp-image-7629\" src=\"https:\/\/www.fundacioncasaserra.org\/fcs\/wp-content\/uploads\/2021\/08\/tumy-1024x882.jpg\" alt=\"\" width=\"1024\" height=\"882\" srcset=\"https:\/\/www.fundacioncasaserra.org\/fcs\/wp-content\/uploads\/2021\/08\/tumy-1024x882.jpg 1024w, https:\/\/www.fundacioncasaserra.org\/fcs\/wp-content\/uploads\/2021\/08\/tumy-300x258.jpg 300w, https:\/\/www.fundacioncasaserra.org\/fcs\/wp-content\/uploads\/2021\/08\/tumy-768x661.jpg 768w, https:\/\/www.fundacioncasaserra.org\/fcs\/wp-content\/uploads\/2021\/08\/tumy-1536x1323.jpg 1536w, https:\/\/www.fundacioncasaserra.org\/fcs\/wp-content\/uploads\/2021\/08\/tumy-2048x1764.jpg 2048w, https:\/\/www.fundacioncasaserra.org\/fcs\/wp-content\/uploads\/2021\/08\/tumy-217x187.jpg 217w, https:\/\/www.fundacioncasaserra.org\/fcs\/wp-content\/uploads\/2021\/08\/tumy-1240x1068.jpg 1240w, https:\/\/www.fundacioncasaserra.org\/fcs\/wp-content\/uploads\/2021\/08\/tumy-600x517.jpg 600w\" sizes=\"auto, (max-width: 1024px) 100vw, 1024px\" \/><\/p>\n<p>A finales del mes de junio <strong>Bartolom\u00e9 Bestard Bonet<\/strong>, dimiti\u00f3 como presidente de la Asociaci\u00f3n<br \/>\nSant Jun\u00edper Serra, despu\u00e9s de haber formado parte de ella desde 1983 y haberlo sido durante<br \/>\nquince a\u00f1os, desde 2006 hasta 2021.<\/p>\n<p>La dimisi\u00f3n se produjo despu\u00e9s de haber conseguido los objetivos que se hab\u00edan marcado durante estos a\u00f1os.<\/p>\n<p>En primer lugar la reparaci\u00f3n de la sede del Museu de Sant Jun\u00edper Serra; o la organizaci\u00f3n del 300 aniversario del nacimiento de san<br \/>\nJun\u00edpero Serra, en el que se organizaron diversos actos institucionales y acad\u00e9micos. Entre estos actos destac\u00f3 el viaje a California con los, en aquel entonces, Pr\u00edncipes de Asturias.<\/p>\n<p>Un objetivo conseguido fue haber podido vivir en directo la canonizaci\u00f3n del fraile mallorqu\u00edn y fundador del Estado de California, para la cual se organiz\u00f3, junto a la Di\u00f3cesis de Mallorca, el viaje a la ciudad de Washington.<\/p>\n<p>Finalmente, tambi\u00e9n se consigui\u00f3 un viejo anhelo de la Junta de la Asociaci\u00f3n, que fue conseguir, junto al Ayuntamiento de Petra, que los Reyes visitasen Petra y la sede del<br \/>\nMuseu de Sant Jun\u00edper Serra.<br \/>\nLa Junta directiva eligi\u00f3 a la Sra. <strong>Catalina Font Gomila<\/strong> como nueva presidenta. Primera mujer en ser nombrada en el cargo. Catalina Font fue durante muchos a\u00f1os la secretaria, m\u00e1s tarde<br \/>\nvicepresidenta de la Junta y mano derecha del presidente Bestard.<br \/>\nFinalmente, el pasado d\u00eda 27 de julio la junta directiva de la Fundaci\u00f3n San Jun\u00edpero Serra, nombr\u00f3 por unanimidad al Sr. Bartolom\u00e9 Bestard presidente de Honor de la Fundaci\u00f3n.<\/p>\n<p>La estrecha relaci\u00f3n con la Fundaci\u00f3n Casa Serra, de la cual\u00a0 el Sr. Bestard ha sido VicePresidente\u00a0 durante los \u00faltimos 15 a\u00f1os, se acentu\u00f3 a partir de 2013 .<\/p>\n<p>En Septiembre de 1981 se fund\u00f3 la Fundaci\u00f3n Casa Serra y en abril de 1982 nuestro Presidente\u00a0 Manolo Bonnin recibi\u00f3 las llaves de la Casa de manos de Mr Terence Todman, Embajador de USA, Tummy estaba all\u00ed como funcionario consular americano y como miembro de los Amigos de Jun\u00edpero Serra.<\/p>\n<p>El 8 de Junio de 2014 se celebr\u00f3 en el Teatro de Petra la 1\u00aa Reuni\u00f3n p\u00fablica de la Fundaci\u00f3n Casa Serra, con la presencia de todos los Patronos y Benefactores, presentando la actividad Becarios Americanos en Petra, que desde entonces se ha desarrollado anualmente.<\/p>\n<p><span style=\"font-size: 10px;\">En la Foto , de derecha a Izquierda Tumy Bestard, Queta Romaguera Presidente 2014-15, Emilio Martinez-Almoyna, Presidente 2013-14, Olga de Bestard, Miguel Estade de Romaguera.<\/span><\/p>\n<p><img loading=\"lazy\" decoding=\"async\" class=\"alignnone wp-image-7627\" src=\"https:\/\/www.fundacioncasaserra.org\/fcs\/wp-content\/uploads\/2021\/08\/tumy-8-junio-14-1024x682.jpg\" alt=\"\" width=\"777\" height=\"518\" srcset=\"https:\/\/www.fundacioncasaserra.org\/fcs\/wp-content\/uploads\/2021\/08\/tumy-8-junio-14-1024x682.jpg 1024w, https:\/\/www.fundacioncasaserra.org\/fcs\/wp-content\/uploads\/2021\/08\/tumy-8-junio-14-300x200.jpg 300w, https:\/\/www.fundacioncasaserra.org\/fcs\/wp-content\/uploads\/2021\/08\/tumy-8-junio-14-768x512.jpg 768w, https:\/\/www.fundacioncasaserra.org\/fcs\/wp-content\/uploads\/2021\/08\/tumy-8-junio-14-1536x1024.jpg 1536w, https:\/\/www.fundacioncasaserra.org\/fcs\/wp-content\/uploads\/2021\/08\/tumy-8-junio-14-2048x1365.jpg 2048w, https:\/\/www.fundacioncasaserra.org\/fcs\/wp-content\/uploads\/2021\/08\/tumy-8-junio-14-280x187.jpg 280w, https:\/\/www.fundacioncasaserra.org\/fcs\/wp-content\/uploads\/2021\/08\/tumy-8-junio-14-1240x826.jpg 1240w, https:\/\/www.fundacioncasaserra.org\/fcs\/wp-content\/uploads\/2021\/08\/tumy-8-junio-14-600x400.jpg 600w\" sizes=\"auto, (max-width: 777px) 100vw, 777px\" \/><\/p>\n<p><span style=\"font-size: 10px;\">Julio 2014. Reuni\u00f3n del Comit\u00e9 con los Primeros Becarios.<\/span><\/p>\n<p><img loading=\"lazy\" decoding=\"async\" class=\"alignnone size-large wp-image-7632\" src=\"https:\/\/www.fundacioncasaserra.org\/fcs\/wp-content\/uploads\/2021\/08\/web-1024x712.jpg\" alt=\"\" width=\"1024\" height=\"712\" srcset=\"https:\/\/www.fundacioncasaserra.org\/fcs\/wp-content\/uploads\/2021\/08\/web-1024x712.jpg 1024w, https:\/\/www.fundacioncasaserra.org\/fcs\/wp-content\/uploads\/2021\/08\/web-300x209.jpg 300w, https:\/\/www.fundacioncasaserra.org\/fcs\/wp-content\/uploads\/2021\/08\/web-768x534.jpg 768w, https:\/\/www.fundacioncasaserra.org\/fcs\/wp-content\/uploads\/2021\/08\/web-1536x1068.jpg 1536w, https:\/\/www.fundacioncasaserra.org\/fcs\/wp-content\/uploads\/2021\/08\/web-2048x1423.jpg 2048w, https:\/\/www.fundacioncasaserra.org\/fcs\/wp-content\/uploads\/2021\/08\/web-269x187.jpg 269w, https:\/\/www.fundacioncasaserra.org\/fcs\/wp-content\/uploads\/2021\/08\/web-1240x862.jpg 1240w, https:\/\/www.fundacioncasaserra.org\/fcs\/wp-content\/uploads\/2021\/08\/web-600x417.jpg 600w\" sizes=\"auto, (max-width: 1024px) 100vw, 1024px\" \/><\/p>\n<p><img loading=\"lazy\" decoding=\"async\" class=\"alignnone size-large wp-image-7637\" src=\"https:\/\/www.fundacioncasaserra.org\/fcs\/wp-content\/uploads\/2021\/08\/DSC_0481-1024x683.jpg\" alt=\"\" width=\"1024\" height=\"683\" srcset=\"https:\/\/www.fundacioncasaserra.org\/fcs\/wp-content\/uploads\/2021\/08\/DSC_0481-1024x683.jpg 1024w, https:\/\/www.fundacioncasaserra.org\/fcs\/wp-content\/uploads\/2021\/08\/DSC_0481-300x200.jpg 300w, https:\/\/www.fundacioncasaserra.org\/fcs\/wp-content\/uploads\/2021\/08\/DSC_0481-768x512.jpg 768w, https:\/\/www.fundacioncasaserra.org\/fcs\/wp-content\/uploads\/2021\/08\/DSC_0481-1536x1025.jpg 1536w, https:\/\/www.fundacioncasaserra.org\/fcs\/wp-content\/uploads\/2021\/08\/DSC_0481-2048x1367.jpg 2048w, https:\/\/www.fundacioncasaserra.org\/fcs\/wp-content\/uploads\/2021\/08\/DSC_0481-280x187.jpg 280w, https:\/\/www.fundacioncasaserra.org\/fcs\/wp-content\/uploads\/2021\/08\/DSC_0481-1240x827.jpg 1240w, https:\/\/www.fundacioncasaserra.org\/fcs\/wp-content\/uploads\/2021\/08\/DSC_0481-600x400.jpg 600w\" sizes=\"auto, (max-width: 1024px) 100vw, 1024px\" \/><\/p>\n<p><img loading=\"lazy\" decoding=\"async\" class=\"alignnone size-large wp-image-7638\" src=\"https:\/\/www.fundacioncasaserra.org\/fcs\/wp-content\/uploads\/2021\/08\/son-tu-tu-1024x768.jpg\" alt=\"\" width=\"1024\" height=\"768\" srcset=\"https:\/\/www.fundacioncasaserra.org\/fcs\/wp-content\/uploads\/2021\/08\/son-tu-tu-1024x768.jpg 1024w, https:\/\/www.fundacioncasaserra.org\/fcs\/wp-content\/uploads\/2021\/08\/son-tu-tu-300x225.jpg 300w, https:\/\/www.fundacioncasaserra.org\/fcs\/wp-content\/uploads\/2021\/08\/son-tu-tu-768x576.jpg 768w, https:\/\/www.fundacioncasaserra.org\/fcs\/wp-content\/uploads\/2021\/08\/son-tu-tu-1536x1152.jpg 1536w, https:\/\/www.fundacioncasaserra.org\/fcs\/wp-content\/uploads\/2021\/08\/son-tu-tu-249x187.jpg 249w, https:\/\/www.fundacioncasaserra.org\/fcs\/wp-content\/uploads\/2021\/08\/son-tu-tu-1240x930.jpg 1240w, https:\/\/www.fundacioncasaserra.org\/fcs\/wp-content\/uploads\/2021\/08\/son-tu-tu-600x450.jpg 600w, https:\/\/www.fundacioncasaserra.org\/fcs\/wp-content\/uploads\/2021\/08\/son-tu-tu.jpg 1600w\" sizes=\"auto, (max-width: 1024px) 100vw, 1024px\" \/><\/p>\n<p>La relaci\u00f3n de D. Bartolom\u00e9 Bestard Bonet con el Rotary Club de Mallorca comenz\u00f3 en los a\u00f1os 1980, incluso antes de que nuestro club recibiera la Carta de Constituci\u00f3n.<\/p>\n<p>En Mayo de 2017, fue galardonado con nuestro premio Rotary Club de Mallorca de Servicio a la Comunidad. En su presentaci\u00f3n se dijo \u00abSu personalidad creativa, batalladora, ejecutiva, ilusionada se desarroll\u00f3 en una Mallorca donde todo estaba por hacer. La \u00e9poca demandaba l\u00edderes y Tummy \u00a0fue uno de ellos. Un momento y una persona irrepetibles.\u00bb<\/p>\n<p>\u00abDesde entonces su presencia ha sido imprescindible en cualquier evento ciudadano, social, deportivo. Recurrir a Tummy era frecuente ante cualquier situaci\u00f3n inesperada y en aquella Mallorca familiar de los a\u00f1os 60,\u00a0 Bartomeu Bestard brillaba con su simpat\u00eda, eficacia y educaci\u00f3n. Siempre integrado de forma muy activa en la ciudad desarrollando su trabajo desde diferentes asociaciones, entidades, clubes.\u00bb<\/p>\n<p>Pocos mallorquines han sido condecorados y reconocidos por tan amplia variedad de instituciones:<\/p>\n<p>-Medalla de oro de la Ciudad de Palma.\u00a0-Medalla de oro del Consell Insular de Mallorca.\u00a0-Medalla de oro del Gobierno Civil.\u00a0-Medalla de Oro de las Illes Balears, Ramon Llull.\u00a0-Medalla de oro del Fomento de Turismo.\u00a0-Cruz del M\u00e9rito Naval, distintivo Blanco.\u00a0-Cruz de Isabel la Cat\u00f3lica.\u00a0-Cruz al M\u00e9rito Civil.\u00a0&#8211; Medalla de Plata al M\u00e9rito Tur\u00edstico, otorgada por el Ministerio de Turismo de Madrid.\u00a0\u00a0Y Condecorado por el Ministerio de Defensa de Estados Unidos con la m\u00e1xima condecoraci\u00f3n que se concede a un extranjero un civil.<\/p>\n<p><img loading=\"lazy\" decoding=\"async\" class=\"alignnone wp-image-7633\" src=\"https:\/\/www.fundacioncasaserra.org\/fcs\/wp-content\/uploads\/2021\/08\/prem-b-1024x730.jpg\" alt=\"\" width=\"835\" height=\"595\" srcset=\"https:\/\/www.fundacioncasaserra.org\/fcs\/wp-content\/uploads\/2021\/08\/prem-b-1024x730.jpg 1024w, https:\/\/www.fundacioncasaserra.org\/fcs\/wp-content\/uploads\/2021\/08\/prem-b-300x214.jpg 300w, https:\/\/www.fundacioncasaserra.org\/fcs\/wp-content\/uploads\/2021\/08\/prem-b-768x547.jpg 768w, https:\/\/www.fundacioncasaserra.org\/fcs\/wp-content\/uploads\/2021\/08\/prem-b-1536x1094.jpg 1536w, https:\/\/www.fundacioncasaserra.org\/fcs\/wp-content\/uploads\/2021\/08\/prem-b-2048x1459.jpg 2048w, https:\/\/www.fundacioncasaserra.org\/fcs\/wp-content\/uploads\/2021\/08\/prem-b-262x187.jpg 262w, https:\/\/www.fundacioncasaserra.org\/fcs\/wp-content\/uploads\/2021\/08\/prem-b-1240x884.jpg 1240w, https:\/\/www.fundacioncasaserra.org\/fcs\/wp-content\/uploads\/2021\/08\/prem-b-600x428.jpg 600w\" sizes=\"auto, (max-width: 835px) 100vw, 835px\" \/> <img loading=\"lazy\" decoding=\"async\" class=\"alignnone size-large wp-image-7634\" src=\"https:\/\/www.fundacioncasaserra.org\/fcs\/wp-content\/uploads\/2021\/08\/premio-576x1024.jpg\" alt=\"\" width=\"576\" height=\"1024\" srcset=\"https:\/\/www.fundacioncasaserra.org\/fcs\/wp-content\/uploads\/2021\/08\/premio-576x1024.jpg 576w, https:\/\/www.fundacioncasaserra.org\/fcs\/wp-content\/uploads\/2021\/08\/premio-169x300.jpg 169w, https:\/\/www.fundacioncasaserra.org\/fcs\/wp-content\/uploads\/2021\/08\/premio-768x1365.jpg 768w, https:\/\/www.fundacioncasaserra.org\/fcs\/wp-content\/uploads\/2021\/08\/premio-864x1536.jpg 864w, https:\/\/www.fundacioncasaserra.org\/fcs\/wp-content\/uploads\/2021\/08\/premio-105x187.jpg 105w, https:\/\/www.fundacioncasaserra.org\/fcs\/wp-content\/uploads\/2021\/08\/premio-600x1067.jpg 600w, https:\/\/www.fundacioncasaserra.org\/fcs\/wp-content\/uploads\/2021\/08\/premio.jpg 873w\" sizes=\"auto, (max-width: 576px) 100vw, 576px\" \/><\/p>\n<p>El Rotary Club de Mallorca y la Fundaci\u00f3n Casa Serra quieren agradecerle su dedicaci\u00f3n y valiosas contribuciones, en el momento que alcanza su nuevo nombramiento como <span style=\"font-size: 17px;\"><strong>Presidente de Honor de la Asociaci\u00f3n San Jun\u00edpero.<\/strong><\/span><\/p>\n<p>&nbsp;<\/p>\n<p>&nbsp;<\/p>\n","protected":false},"excerpt":{"rendered":"<p>A finales del mes de junio Bartolom\u00e9 Bestard Bonet, dimiti\u00f3 como presidente de la Asociaci\u00f3n Sant Jun\u00edper Serra, despu\u00e9s de haber formado parte de ella desde 1983 y haberlo sido durante quince a\u00f1os, desde 2006 hasta 2021. La dimisi\u00f3n se produjo despu\u00e9s de haber conseguido los objetivos que se hab\u00edan marcado durante estos a\u00f1os. En<\/p>\n","protected":false},"author":2,"featured_media":0,"comment_status":"closed","ping_status":"closed","sticky":false,"template":"","format":"standard","meta":{"footnotes":""},"categories":[657],"tags":[],"class_list":["post-7622","post","type-post","status-publish","format-standard","hentry","category-noticias","prodpage-classic"],"_links":{"self":[{"href":"https:\/\/www.fundacioncasaserra.org\/fcs\/wp-json\/wp\/v2\/posts\/7622","targetHints":{"allow":["GET"]}}],"collection":[{"href":"https:\/\/www.fundacioncasaserra.org\/fcs\/wp-json\/wp\/v2\/posts"}],"about":[{"href":"https:\/\/www.fundacioncasaserra.org\/fcs\/wp-json\/wp\/v2\/types\/post"}],"author":[{"embeddable":true,"href":"https:\/\/www.fundacioncasaserra.org\/fcs\/wp-json\/wp\/v2\/users\/2"}],"replies":[{"embeddable":true,"href":"https:\/\/www.fundacioncasaserra.org\/fcs\/wp-json\/wp\/v2\/comments?post=7622"}],"version-history":[{"count":9,"href":"https:\/\/www.fundacioncasaserra.org\/fcs\/wp-json\/wp\/v2\/posts\/7622\/revisions"}],"predecessor-version":[{"id":7639,"href":"https:\/\/www.fundacioncasaserra.org\/fcs\/wp-json\/wp\/v2\/posts\/7622\/revisions\/7639"}],"wp:attachment":[{"href":"https:\/\/www.fundacioncasaserra.org\/fcs\/wp-json\/wp\/v2\/media?parent=7622"}],"wp:term":[{"taxonomy":"category","embeddable":true,"href":"https:\/\/www.fundacioncasaserra.org\/fcs\/wp-json\/wp\/v2\/categories?post=7622"},{"taxonomy":"post_tag","embeddable":true,"href":"https:\/\/www.fundacioncasaserra.org\/fcs\/wp-json\/wp\/v2\/tags?post=7622"}],"curies":[{"name":"wp","href":"https:\/\/api.w.org\/{rel}","templated":true}]}}