{"id":7605,"date":"2021-07-14T17:14:25","date_gmt":"2021-07-14T17:14:25","guid":{"rendered":"https:\/\/www.fundacioncasaserra.org\/fcs\/?p=7605"},"modified":"2021-08-31T07:14:33","modified_gmt":"2021-08-31T07:14:33","slug":"visita-a-la-casa-y-museo-del-estudiante-lucas-iberico-usa","status":"publish","type":"post","link":"https:\/\/www.fundacioncasaserra.org\/fcs\/visita-a-la-casa-y-museo-del-estudiante-lucas-iberico-usa\/","title":{"rendered":"Visita a la Casa y Museo del estudiante Lucas Iberico (USA)"},"content":{"rendered":"<p><img loading=\"lazy\" decoding=\"async\" class=\"alignnone  wp-image-7614\" src=\"https:\/\/www.fundacioncasaserra.org\/fcs\/wp-content\/uploads\/2021\/07\/lucas-petra-3.jpg\" alt=\"\" width=\"828\" height=\"466\" srcset=\"https:\/\/www.fundacioncasaserra.org\/fcs\/wp-content\/uploads\/2021\/07\/lucas-petra-3.jpg 1024w, https:\/\/www.fundacioncasaserra.org\/fcs\/wp-content\/uploads\/2021\/07\/lucas-petra-3-300x169.jpg 300w, https:\/\/www.fundacioncasaserra.org\/fcs\/wp-content\/uploads\/2021\/07\/lucas-petra-3-768x432.jpg 768w, https:\/\/www.fundacioncasaserra.org\/fcs\/wp-content\/uploads\/2021\/07\/lucas-petra-3-280x158.jpg 280w, https:\/\/www.fundacioncasaserra.org\/fcs\/wp-content\/uploads\/2021\/07\/lucas-petra-3-600x338.jpg 600w\" sizes=\"auto, (max-width: 828px) 100vw, 828px\" \/><\/p>\n<p>Lucas Iberico Lozada es estudiante de doctorado en la University of Southern California, de Los \u00c1ngeles.<\/p>\n<p>Estando\u00a0 en Espa\u00f1a para hacer una peque\u00f1a investigaci\u00f3n sobre la \u00e9poca virreinal de California, el profesor Damian Bacich\u00a0 (Universidad de San Jos\u00e9, California) le sugiri\u00f3 ponerse en contacto con nosotros, ya que le interesaba mucho visitar la casa de Jun\u00edpero Serra y visitar, por unos d\u00edas, sus archivos en Palma y en Petra.<\/p>\n<p>El mi\u00e9rcoles 14 de Julio 2021 fue recibido en Palma por Emilio Mart\u00ednez-Almoyna y acompa\u00f1ado en Petra por Catalina Font.<\/p>\n<p>Una vez finalizada la visita de Petra, Catalina Font le acompa\u00f1\u00f3 a la visita del Castillo de San Carlos junto al Presidente 2021-22 Pepe Mir.<\/p>\n<p><img loading=\"lazy\" decoding=\"async\" class=\"alignnone size-full wp-image-7620\" src=\"https:\/\/www.fundacioncasaserra.org\/fcs\/wp-content\/uploads\/2021\/07\/lucas-petra-bb.jpg\" alt=\"\" width=\"575\" height=\"796\" srcset=\"https:\/\/www.fundacioncasaserra.org\/fcs\/wp-content\/uploads\/2021\/07\/lucas-petra-bb.jpg 575w, https:\/\/www.fundacioncasaserra.org\/fcs\/wp-content\/uploads\/2021\/07\/lucas-petra-bb-217x300.jpg 217w, https:\/\/www.fundacioncasaserra.org\/fcs\/wp-content\/uploads\/2021\/07\/lucas-petra-bb-135x187.jpg 135w\" sizes=\"auto, (max-width: 575px) 100vw, 575px\" \/><img loading=\"lazy\" decoding=\"async\" class=\"alignnone size-full wp-image-7618\" src=\"https:\/\/www.fundacioncasaserra.org\/fcs\/wp-content\/uploads\/2021\/07\/lucas-petra-6.jpg\" alt=\"\" width=\"1024\" height=\"576\" srcset=\"https:\/\/www.fundacioncasaserra.org\/fcs\/wp-content\/uploads\/2021\/07\/lucas-petra-6.jpg 1024w, https:\/\/www.fundacioncasaserra.org\/fcs\/wp-content\/uploads\/2021\/07\/lucas-petra-6-300x169.jpg 300w, https:\/\/www.fundacioncasaserra.org\/fcs\/wp-content\/uploads\/2021\/07\/lucas-petra-6-768x432.jpg 768w, https:\/\/www.fundacioncasaserra.org\/fcs\/wp-content\/uploads\/2021\/07\/lucas-petra-6-280x158.jpg 280w, https:\/\/www.fundacioncasaserra.org\/fcs\/wp-content\/uploads\/2021\/07\/lucas-petra-6-600x338.jpg 600w\" sizes=\"auto, (max-width: 1024px) 100vw, 1024px\" \/> <img loading=\"lazy\" decoding=\"async\" class=\"alignnone size-full wp-image-7617\" src=\"https:\/\/www.fundacioncasaserra.org\/fcs\/wp-content\/uploads\/2021\/07\/lucas-petra-4.jpg\" alt=\"\" width=\"1024\" height=\"576\" srcset=\"https:\/\/www.fundacioncasaserra.org\/fcs\/wp-content\/uploads\/2021\/07\/lucas-petra-4.jpg 1024w, https:\/\/www.fundacioncasaserra.org\/fcs\/wp-content\/uploads\/2021\/07\/lucas-petra-4-300x169.jpg 300w, https:\/\/www.fundacioncasaserra.org\/fcs\/wp-content\/uploads\/2021\/07\/lucas-petra-4-768x432.jpg 768w, https:\/\/www.fundacioncasaserra.org\/fcs\/wp-content\/uploads\/2021\/07\/lucas-petra-4-280x158.jpg 280w, https:\/\/www.fundacioncasaserra.org\/fcs\/wp-content\/uploads\/2021\/07\/lucas-petra-4-600x338.jpg 600w\" sizes=\"auto, (max-width: 1024px) 100vw, 1024px\" \/> <img loading=\"lazy\" decoding=\"async\" class=\"alignnone size-full wp-image-7616\" src=\"https:\/\/www.fundacioncasaserra.org\/fcs\/wp-content\/uploads\/2021\/07\/lucas-petra-2.jpg\" alt=\"\" width=\"1024\" height=\"576\" srcset=\"https:\/\/www.fundacioncasaserra.org\/fcs\/wp-content\/uploads\/2021\/07\/lucas-petra-2.jpg 1024w, https:\/\/www.fundacioncasaserra.org\/fcs\/wp-content\/uploads\/2021\/07\/lucas-petra-2-300x169.jpg 300w, https:\/\/www.fundacioncasaserra.org\/fcs\/wp-content\/uploads\/2021\/07\/lucas-petra-2-768x432.jpg 768w, https:\/\/www.fundacioncasaserra.org\/fcs\/wp-content\/uploads\/2021\/07\/lucas-petra-2-280x158.jpg 280w, https:\/\/www.fundacioncasaserra.org\/fcs\/wp-content\/uploads\/2021\/07\/lucas-petra-2-600x338.jpg 600w\" sizes=\"auto, (max-width: 1024px) 100vw, 1024px\" \/><\/p>\n<p>Finalmente Lucas nos visit\u00f3 en la sede del Rotary Club de Mallorca coment\u00e1ndonos la situaci\u00f3n actual de California y los movimientos indigenistas que est\u00e1n surgiendo en todos los paises de la zona.<\/p>\n<p><img loading=\"lazy\" decoding=\"async\" class=\"alignnone  wp-image-7611\" src=\"https:\/\/www.fundacioncasaserra.org\/fcs\/wp-content\/uploads\/2021\/07\/PHOTO-2021-07-14-22-35-04.jpg\" alt=\"\" width=\"716\" height=\"403\" srcset=\"https:\/\/www.fundacioncasaserra.org\/fcs\/wp-content\/uploads\/2021\/07\/PHOTO-2021-07-14-22-35-04.jpg 1024w, https:\/\/www.fundacioncasaserra.org\/fcs\/wp-content\/uploads\/2021\/07\/PHOTO-2021-07-14-22-35-04-300x169.jpg 300w, https:\/\/www.fundacioncasaserra.org\/fcs\/wp-content\/uploads\/2021\/07\/PHOTO-2021-07-14-22-35-04-768x432.jpg 768w, https:\/\/www.fundacioncasaserra.org\/fcs\/wp-content\/uploads\/2021\/07\/PHOTO-2021-07-14-22-35-04-280x158.jpg 280w, https:\/\/www.fundacioncasaserra.org\/fcs\/wp-content\/uploads\/2021\/07\/PHOTO-2021-07-14-22-35-04-600x338.jpg 600w\" sizes=\"auto, (max-width: 716px) 100vw, 716px\" \/><\/p>\n<p>&nbsp;<\/p>\n","protected":false},"excerpt":{"rendered":"<p>Lucas Iberico Lozada es estudiante de doctorado en la University of Southern California, de Los \u00c1ngeles. Estando\u00a0 en Espa\u00f1a para hacer una peque\u00f1a investigaci\u00f3n sobre la \u00e9poca virreinal de California, el profesor Damian Bacich\u00a0 (Universidad de San Jos\u00e9, California) le sugiri\u00f3 ponerse en contacto con nosotros, ya que le interesaba mucho visitar la casa de<\/p>\n","protected":false},"author":4,"featured_media":0,"comment_status":"closed","ping_status":"closed","sticky":false,"template":"","format":"standard","meta":{"footnotes":""},"categories":[1],"tags":[],"class_list":["post-7605","post","type-post","status-publish","format-standard","hentry","category-sin-categoria","prodpage-classic"],"_links":{"self":[{"href":"https:\/\/www.fundacioncasaserra.org\/fcs\/wp-json\/wp\/v2\/posts\/7605","targetHints":{"allow":["GET"]}}],"collection":[{"href":"https:\/\/www.fundacioncasaserra.org\/fcs\/wp-json\/wp\/v2\/posts"}],"about":[{"href":"https:\/\/www.fundacioncasaserra.org\/fcs\/wp-json\/wp\/v2\/types\/post"}],"author":[{"embeddable":true,"href":"https:\/\/www.fundacioncasaserra.org\/fcs\/wp-json\/wp\/v2\/users\/4"}],"replies":[{"embeddable":true,"href":"https:\/\/www.fundacioncasaserra.org\/fcs\/wp-json\/wp\/v2\/comments?post=7605"}],"version-history":[{"count":5,"href":"https:\/\/www.fundacioncasaserra.org\/fcs\/wp-json\/wp\/v2\/posts\/7605\/revisions"}],"predecessor-version":[{"id":7621,"href":"https:\/\/www.fundacioncasaserra.org\/fcs\/wp-json\/wp\/v2\/posts\/7605\/revisions\/7621"}],"wp:attachment":[{"href":"https:\/\/www.fundacioncasaserra.org\/fcs\/wp-json\/wp\/v2\/media?parent=7605"}],"wp:term":[{"taxonomy":"category","embeddable":true,"href":"https:\/\/www.fundacioncasaserra.org\/fcs\/wp-json\/wp\/v2\/categories?post=7605"},{"taxonomy":"post_tag","embeddable":true,"href":"https:\/\/www.fundacioncasaserra.org\/fcs\/wp-json\/wp\/v2\/tags?post=7605"}],"curies":[{"name":"wp","href":"https:\/\/api.w.org\/{rel}","templated":true}]}}