{"id":7603,"date":"2021-08-30T17:09:36","date_gmt":"2021-08-30T17:09:36","guid":{"rendered":"https:\/\/www.fundacioncasaserra.org\/fcs\/?p=7603"},"modified":"2021-08-30T17:09:36","modified_gmt":"2021-08-30T17:09:36","slug":"visita-a-la-casa-serra-del-nuevo-presidente-2021-22-d-jose-mir-piza","status":"publish","type":"post","link":"https:\/\/www.fundacioncasaserra.org\/fcs\/visita-a-la-casa-serra-del-nuevo-presidente-2021-22-d-jose-mir-piza\/","title":{"rendered":"Visita a la Casa Serra del nuevo Presidente 2021-22 D. Jos\u00e9 Mir Piz\u00e1"},"content":{"rendered":"<p><img loading=\"lazy\" decoding=\"async\" class=\"alignnone size-large wp-image-6490\" src=\"https:\/\/www.rotaryclubdemallorca.org\/wp-content\/uploads\/2021\/08\/PHOTO-2021-08-25-15-32-07a.jpg\" alt=\"\" width=\"1024\" height=\"576\" \/><\/p>\n<p>El pasado mi\u00e9rcoles d\u00eda 25 de agosto, Pepe Mir Piz\u00e1, Presidente del Rotary Club de Mallorca, 2021-22 y Presidente de la Fundaci\u00f3n\u00a0 Casa Serra, invit\u00f3 a un grupo de amigos que desde hace m\u00e1s de 25 a\u00f1os comparten el deporte de p\u00e1del, a realizar un torneo en el polideportivo de Petra y acto seguido visitaron el Museo y la Casa pairal del Padre Serra.<\/p>\n<p>Fueron guiados por Catalina Font y admiraron las diferentes estancias de la casa y las salas del Museo.<\/p>\n<p>Destacaron\u00a0 los valores de la figura de San Jun\u00edpero.<\/p>\n<p><img loading=\"lazy\" decoding=\"async\" class=\"alignnone size-full wp-image-6489\" src=\"https:\/\/www.rotaryclubdemallorca.org\/wp-content\/uploads\/2021\/08\/PHOTO-2021-08-25-15-32-07.jpg\" alt=\"\" width=\"1024\" height=\"576\" \/><\/p>\n<p><img loading=\"lazy\" decoding=\"async\" class=\"alignnone size-large wp-image-6491\" src=\"https:\/\/www.rotaryclubdemallorca.org\/wp-content\/uploads\/2021\/08\/PHOTO-2021-08-25-15-32-07e.jpg\" alt=\"\" width=\"1024\" height=\"576\" \/><\/p>\n","protected":false},"excerpt":{"rendered":"<p>El pasado mi\u00e9rcoles d\u00eda 25 de agosto, Pepe Mir Piz\u00e1, Presidente del Rotary Club de Mallorca, 2021-22 y Presidente de la Fundaci\u00f3n\u00a0 Casa Serra, invit\u00f3 a un grupo de amigos que desde hace m\u00e1s de 25 a\u00f1os comparten el deporte de p\u00e1del, a realizar un torneo en el polideportivo de Petra y acto seguido visitaron<\/p>\n","protected":false},"author":4,"featured_media":0,"comment_status":"closed","ping_status":"closed","sticky":false,"template":"","format":"standard","meta":{"footnotes":""},"categories":[657],"tags":[],"class_list":["post-7603","post","type-post","status-publish","format-standard","hentry","category-noticias","prodpage-classic"],"_links":{"self":[{"href":"https:\/\/www.fundacioncasaserra.org\/fcs\/wp-json\/wp\/v2\/posts\/7603","targetHints":{"allow":["GET"]}}],"collection":[{"href":"https:\/\/www.fundacioncasaserra.org\/fcs\/wp-json\/wp\/v2\/posts"}],"about":[{"href":"https:\/\/www.fundacioncasaserra.org\/fcs\/wp-json\/wp\/v2\/types\/post"}],"author":[{"embeddable":true,"href":"https:\/\/www.fundacioncasaserra.org\/fcs\/wp-json\/wp\/v2\/users\/4"}],"replies":[{"embeddable":true,"href":"https:\/\/www.fundacioncasaserra.org\/fcs\/wp-json\/wp\/v2\/comments?post=7603"}],"version-history":[{"count":1,"href":"https:\/\/www.fundacioncasaserra.org\/fcs\/wp-json\/wp\/v2\/posts\/7603\/revisions"}],"predecessor-version":[{"id":7604,"href":"https:\/\/www.fundacioncasaserra.org\/fcs\/wp-json\/wp\/v2\/posts\/7603\/revisions\/7604"}],"wp:attachment":[{"href":"https:\/\/www.fundacioncasaserra.org\/fcs\/wp-json\/wp\/v2\/media?parent=7603"}],"wp:term":[{"taxonomy":"category","embeddable":true,"href":"https:\/\/www.fundacioncasaserra.org\/fcs\/wp-json\/wp\/v2\/categories?post=7603"},{"taxonomy":"post_tag","embeddable":true,"href":"https:\/\/www.fundacioncasaserra.org\/fcs\/wp-json\/wp\/v2\/tags?post=7603"}],"curies":[{"name":"wp","href":"https:\/\/api.w.org\/{rel}","templated":true}]}}